{"id":19244,"date":"2019-04-15T15:42:02","date_gmt":"2019-04-15T15:42:02","guid":{"rendered":"https:\/\/sertv.gob.pa\/crisolfm\/?p=19244"},"modified":"2019-04-15T15:42:02","modified_gmt":"2019-04-15T15:42:02","slug":"la-vida-y-muerte-de-primeros-pobladores-de-cocle-en-renovado-museo","status":"publish","type":"post","link":"https:\/\/sertv.gob.pa\/crisolfm\/la-vida-y-muerte-de-primeros-pobladores-de-cocle-en-renovado-museo\/","title":{"rendered":"La vida y muerte de primeros pobladores de Cocl\u00e9 en renovado museo"},"content":{"rendered":"<p>El Parque Arqueol\u00f3gico El Ca\u00f1o, cuenta a partir de este 12 de abril, con un renovado museo, el cual brindar\u00e1 a los visitantes nacionales y extranjeros una mirada cient\u00edfica, a la vida y muerte de los primeros pobladores de Cocl\u00e9, su estructura social, costumbres funerarias y cosmovisi\u00f3n. Declarado en el a\u00f1o 2018 patrimonio de inter\u00e9s nacional por la Alcald\u00eda de Nat\u00e1 de los Caballeros, resguarda la historia de una sociedad precolombina que hizo del rito funerario uno de sus mayores distintivos; siendo los jefes, caciques y guerreros, \u00edconos de una necr\u00f3polis donde los registros arqueol\u00f3gicos dan evidencia que esta sociedad ataviaba con riquezas a sus parientes y hac\u00edan entierros m\u00faltiples, como ofrendas.<\/p>\n<p>La Fundaci\u00f3n El Ca\u00f1o, organizaci\u00f3n paname\u00f1a que est\u00e1 integrada por el grupo de investigadores responsables del descubrimiento de las tumbas de \u00e9lite del lugar y de las excavaciones arqueol\u00f3gicas que desde hace diez a\u00f1os, comenz\u00f3 a trabajar en un proyecto para su recuperaci\u00f3n y reapertura usando para ello fondos provenientes del Instituto Nacional de Cultura (INAC), la Secretar\u00eda Nacional de Ciencia, Tecnolog\u00eda e Innovaci\u00f3n (SENACYT), particulares, empresas locales y trabajo voluntario.<\/p>\n<p>&nbsp;<\/p>\n<p>&nbsp;<\/p>\n","protected":false},"excerpt":{"rendered":"<p>El Parque Arqueol\u00f3gico El Ca\u00f1o, cuenta a partir de este <a href=\"https:\/\/sertv.gob.pa\/crisolfm\/la-vida-y-muerte-de-primeros-pobladores-de-cocle-en-renovado-museo\/\"> [&#8230;]<\/a><\/p>\n","protected":false},"author":64,"featured_media":19246,"comment_status":"closed","ping_status":"closed","sticky":false,"template":"","format":"standard","meta":{"footnotes":""},"categories":[6],"tags":[],"class_list":["post-19244","post","type-post","status-publish","format-standard","has-post-thumbnail","hentry","category-culturales"],"_links":{"self":[{"href":"https:\/\/sertv.gob.pa\/crisolfm\/wp-json\/wp\/v2\/posts\/19244","targetHints":{"allow":["GET"]}}],"collection":[{"href":"https:\/\/sertv.gob.pa\/crisolfm\/wp-json\/wp\/v2\/posts"}],"about":[{"href":"https:\/\/sertv.gob.pa\/crisolfm\/wp-json\/wp\/v2\/types\/post"}],"author":[{"embeddable":true,"href":"https:\/\/sertv.gob.pa\/crisolfm\/wp-json\/wp\/v2\/users\/64"}],"replies":[{"embeddable":true,"href":"https:\/\/sertv.gob.pa\/crisolfm\/wp-json\/wp\/v2\/comments?post=19244"}],"version-history":[{"count":1,"href":"https:\/\/sertv.gob.pa\/crisolfm\/wp-json\/wp\/v2\/posts\/19244\/revisions"}],"predecessor-version":[{"id":19247,"href":"https:\/\/sertv.gob.pa\/crisolfm\/wp-json\/wp\/v2\/posts\/19244\/revisions\/19247"}],"wp:featuredmedia":[{"embeddable":true,"href":"https:\/\/sertv.gob.pa\/crisolfm\/wp-json\/wp\/v2\/media\/19246"}],"wp:attachment":[{"href":"https:\/\/sertv.gob.pa\/crisolfm\/wp-json\/wp\/v2\/media?parent=19244"}],"wp:term":[{"taxonomy":"category","embeddable":true,"href":"https:\/\/sertv.gob.pa\/crisolfm\/wp-json\/wp\/v2\/categories?post=19244"},{"taxonomy":"post_tag","embeddable":true,"href":"https:\/\/sertv.gob.pa\/crisolfm\/wp-json\/wp\/v2\/tags?post=19244"}],"curies":[{"name":"wp","href":"https:\/\/api.w.org\/{rel}","templated":true}]}}