{"id":19248,"date":"2019-04-15T15:46:26","date_gmt":"2019-04-15T15:46:26","guid":{"rendered":"https:\/\/sertv.gob.pa\/crisolfm\/?p=19248"},"modified":"2019-04-15T15:46:26","modified_gmt":"2019-04-15T15:46:26","slug":"egipto-desvela-llamativa-tumba-de-la-v-dinastia","status":"publish","type":"post","link":"https:\/\/sertv.gob.pa\/crisolfm\/egipto-desvela-llamativa-tumba-de-la-v-dinastia\/","title":{"rendered":"Egipto desvela llamativa tumba de la V dinast\u00eda"},"content":{"rendered":"<p style=\"text-align: justify\">Egipto desvel\u00f3 este s\u00e1bado una colorida tumba de un alto responsable de la V dinast\u00eda de faraones, que rein\u00f3 hace aproximadamente 4.300 a\u00f1os. La tumba, cerca de Saqqara, una vasta necr\u00f3polis al sur de El Cairo, pertenec\u00eda a un alto funcionario llamado Khuwy, un noble de la \u00e9poca. La tumba tiene forma de L, \u00abcon un pasillo inicial que conduce primero a una antec\u00e1mara y de ah\u00ed a la c\u00e1mara mortuoria, con ricos relieves que muestran al difunto sentado ante una mesa con ofrendas\u00bb explic\u00f3 el jefe del equipo arqueol\u00f3gico que realiz\u00f3 el hallazgo, Mohamed Megahed, en un comunicado.<\/p>\n<p style=\"text-align: justify\">El ministro de Antig\u00fcedades, Jaled al Enani, explic\u00f3 ante un panel de embajadores que la tumba fue descubierta el mes pasado. Construida casi totalmente con ladrillos de arcilla blanca, la tumba tiene un dise\u00f1o arquitect\u00f3nico inspirado en las pir\u00e1mides de la \u00e9poca destinadas a la realeza, explic\u00f3 el texto.<\/p>\n<p>AFP<\/p>\n","protected":false},"excerpt":{"rendered":"<p>Egipto desvel\u00f3 este s\u00e1bado una colorida tumba de un alto <a href=\"https:\/\/sertv.gob.pa\/crisolfm\/egipto-desvela-llamativa-tumba-de-la-v-dinastia\/\"> [&#8230;]<\/a><\/p>\n","protected":false},"author":64,"featured_media":19250,"comment_status":"closed","ping_status":"closed","sticky":false,"template":"","format":"standard","meta":{"footnotes":""},"categories":[6],"tags":[],"class_list":["post-19248","post","type-post","status-publish","format-standard","has-post-thumbnail","hentry","category-culturales"],"_links":{"self":[{"href":"https:\/\/sertv.gob.pa\/crisolfm\/wp-json\/wp\/v2\/posts\/19248","targetHints":{"allow":["GET"]}}],"collection":[{"href":"https:\/\/sertv.gob.pa\/crisolfm\/wp-json\/wp\/v2\/posts"}],"about":[{"href":"https:\/\/sertv.gob.pa\/crisolfm\/wp-json\/wp\/v2\/types\/post"}],"author":[{"embeddable":true,"href":"https:\/\/sertv.gob.pa\/crisolfm\/wp-json\/wp\/v2\/users\/64"}],"replies":[{"embeddable":true,"href":"https:\/\/sertv.gob.pa\/crisolfm\/wp-json\/wp\/v2\/comments?post=19248"}],"version-history":[{"count":1,"href":"https:\/\/sertv.gob.pa\/crisolfm\/wp-json\/wp\/v2\/posts\/19248\/revisions"}],"predecessor-version":[{"id":19251,"href":"https:\/\/sertv.gob.pa\/crisolfm\/wp-json\/wp\/v2\/posts\/19248\/revisions\/19251"}],"wp:featuredmedia":[{"embeddable":true,"href":"https:\/\/sertv.gob.pa\/crisolfm\/wp-json\/wp\/v2\/media\/19250"}],"wp:attachment":[{"href":"https:\/\/sertv.gob.pa\/crisolfm\/wp-json\/wp\/v2\/media?parent=19248"}],"wp:term":[{"taxonomy":"category","embeddable":true,"href":"https:\/\/sertv.gob.pa\/crisolfm\/wp-json\/wp\/v2\/categories?post=19248"},{"taxonomy":"post_tag","embeddable":true,"href":"https:\/\/sertv.gob.pa\/crisolfm\/wp-json\/wp\/v2\/tags?post=19248"}],"curies":[{"name":"wp","href":"https:\/\/api.w.org\/{rel}","templated":true}]}}