{"id":19252,"date":"2019-04-15T17:59:17","date_gmt":"2019-04-15T17:59:17","guid":{"rendered":"https:\/\/sertv.gob.pa\/crisolfm\/?p=19252"},"modified":"2019-04-15T17:59:17","modified_gmt":"2019-04-15T17:59:17","slug":"incendio-en-la-catedral-de-notre-dame-de-paris","status":"publish","type":"post","link":"https:\/\/sertv.gob.pa\/crisolfm\/incendio-en-la-catedral-de-notre-dame-de-paris\/","title":{"rendered":"Incendio en la catedral de Notre Dame de Par\u00eds"},"content":{"rendered":"<p>La catedral de Notre Dame de Par\u00eds, uno de los monumentos m\u00e1s emblem\u00e1ticos de la capital francesa, est\u00e1 sufriendo un incendio, seg\u00fan pudo constatar una periodista de Efe en el lugar. Un gran despliegue de bomberos trata de controlar las llamas, que salen sobre todo de la aguja central del templo, que es visitado por miles de personas cada d\u00eda. La polic\u00eda ha acordonado la zona y est\u00e1 desalojando a los numerosos turistas que se encontraban dentro de la catedral.<\/p>\n<p>Seg\u00fan las primeras informaciones aportadas, el incendio puede estar ligado a las obras que se est\u00e1n efectuando en el tejado de la capital. La aguja del templo, que estaba rodeada de un andamiaje por las obras, se encuentra envuelta en llamas, que se han extendido por parte del tejado.<\/p>\n<p>EFE<\/p>\n","protected":false},"excerpt":{"rendered":"<p>La catedral de Notre Dame de Par\u00eds, uno de los <a href=\"https:\/\/sertv.gob.pa\/crisolfm\/incendio-en-la-catedral-de-notre-dame-de-paris\/\"> [&#8230;]<\/a><\/p>\n","protected":false},"author":64,"featured_media":19255,"comment_status":"closed","ping_status":"closed","sticky":false,"template":"","format":"standard","meta":{"footnotes":""},"categories":[6],"tags":[],"class_list":["post-19252","post","type-post","status-publish","format-standard","has-post-thumbnail","hentry","category-culturales"],"_links":{"self":[{"href":"https:\/\/sertv.gob.pa\/crisolfm\/wp-json\/wp\/v2\/posts\/19252","targetHints":{"allow":["GET"]}}],"collection":[{"href":"https:\/\/sertv.gob.pa\/crisolfm\/wp-json\/wp\/v2\/posts"}],"about":[{"href":"https:\/\/sertv.gob.pa\/crisolfm\/wp-json\/wp\/v2\/types\/post"}],"author":[{"embeddable":true,"href":"https:\/\/sertv.gob.pa\/crisolfm\/wp-json\/wp\/v2\/users\/64"}],"replies":[{"embeddable":true,"href":"https:\/\/sertv.gob.pa\/crisolfm\/wp-json\/wp\/v2\/comments?post=19252"}],"version-history":[{"count":1,"href":"https:\/\/sertv.gob.pa\/crisolfm\/wp-json\/wp\/v2\/posts\/19252\/revisions"}],"predecessor-version":[{"id":19256,"href":"https:\/\/sertv.gob.pa\/crisolfm\/wp-json\/wp\/v2\/posts\/19252\/revisions\/19256"}],"wp:featuredmedia":[{"embeddable":true,"href":"https:\/\/sertv.gob.pa\/crisolfm\/wp-json\/wp\/v2\/media\/19255"}],"wp:attachment":[{"href":"https:\/\/sertv.gob.pa\/crisolfm\/wp-json\/wp\/v2\/media?parent=19252"}],"wp:term":[{"taxonomy":"category","embeddable":true,"href":"https:\/\/sertv.gob.pa\/crisolfm\/wp-json\/wp\/v2\/categories?post=19252"},{"taxonomy":"post_tag","embeddable":true,"href":"https:\/\/sertv.gob.pa\/crisolfm\/wp-json\/wp\/v2\/tags?post=19252"}],"curies":[{"name":"wp","href":"https:\/\/api.w.org\/{rel}","templated":true}]}}