{"id":19261,"date":"2019-04-16T13:40:26","date_gmt":"2019-04-16T13:40:26","guid":{"rendered":"https:\/\/sertv.gob.pa\/crisolfm\/?p=19261"},"modified":"2019-04-16T13:40:26","modified_gmt":"2019-04-16T13:40:26","slug":"celebran-el-dia-mundial-del-arte","status":"publish","type":"post","link":"https:\/\/sertv.gob.pa\/crisolfm\/celebran-el-dia-mundial-del-arte\/","title":{"rendered":"Celebran el &#8216;D\u00eda mundial del Arte&#8217;"},"content":{"rendered":"<p>Conmemorando el aniversario del c\u00e9lebre pintor Leonardo da Vinci, la Asociaci\u00f3n Paname\u00f1a de Artistas Pl\u00e1sticos celebr\u00f3 la exposici\u00f3n \u201cD\u00eda Mundial del arte\u201d, en la Galer\u00eda Juan Manuel Cede\u00f1o, con la participaci\u00f3n de 35 artistas paname\u00f1os.<\/p>\n<p>&nbsp;<\/p>\n","protected":false},"excerpt":{"rendered":"<p>Conmemorando el aniversario del c\u00e9lebre pintor Leonardo da Vinci, la <a href=\"https:\/\/sertv.gob.pa\/crisolfm\/celebran-el-dia-mundial-del-arte\/\"> [&#8230;]<\/a><\/p>\n","protected":false},"author":64,"featured_media":19263,"comment_status":"closed","ping_status":"closed","sticky":false,"template":"","format":"standard","meta":{"footnotes":""},"categories":[6],"tags":[],"class_list":["post-19261","post","type-post","status-publish","format-standard","has-post-thumbnail","hentry","category-culturales"],"_links":{"self":[{"href":"https:\/\/sertv.gob.pa\/crisolfm\/wp-json\/wp\/v2\/posts\/19261","targetHints":{"allow":["GET"]}}],"collection":[{"href":"https:\/\/sertv.gob.pa\/crisolfm\/wp-json\/wp\/v2\/posts"}],"about":[{"href":"https:\/\/sertv.gob.pa\/crisolfm\/wp-json\/wp\/v2\/types\/post"}],"author":[{"embeddable":true,"href":"https:\/\/sertv.gob.pa\/crisolfm\/wp-json\/wp\/v2\/users\/64"}],"replies":[{"embeddable":true,"href":"https:\/\/sertv.gob.pa\/crisolfm\/wp-json\/wp\/v2\/comments?post=19261"}],"version-history":[{"count":1,"href":"https:\/\/sertv.gob.pa\/crisolfm\/wp-json\/wp\/v2\/posts\/19261\/revisions"}],"predecessor-version":[{"id":19264,"href":"https:\/\/sertv.gob.pa\/crisolfm\/wp-json\/wp\/v2\/posts\/19261\/revisions\/19264"}],"wp:featuredmedia":[{"embeddable":true,"href":"https:\/\/sertv.gob.pa\/crisolfm\/wp-json\/wp\/v2\/media\/19263"}],"wp:attachment":[{"href":"https:\/\/sertv.gob.pa\/crisolfm\/wp-json\/wp\/v2\/media?parent=19261"}],"wp:term":[{"taxonomy":"category","embeddable":true,"href":"https:\/\/sertv.gob.pa\/crisolfm\/wp-json\/wp\/v2\/categories?post=19261"},{"taxonomy":"post_tag","embeddable":true,"href":"https:\/\/sertv.gob.pa\/crisolfm\/wp-json\/wp\/v2\/tags?post=19261"}],"curies":[{"name":"wp","href":"https:\/\/api.w.org\/{rel}","templated":true}]}}