{"id":19265,"date":"2019-04-16T13:46:35","date_gmt":"2019-04-16T13:46:35","guid":{"rendered":"https:\/\/sertv.gob.pa\/crisolfm\/?p=19265"},"modified":"2019-04-16T13:46:35","modified_gmt":"2019-04-16T13:46:35","slug":"en-el-malecon-de-la-habana-el-arte-tiene-vista-al-mar","status":"publish","type":"post","link":"https:\/\/sertv.gob.pa\/crisolfm\/en-el-malecon-de-la-habana-el-arte-tiene-vista-al-mar\/","title":{"rendered":"En el Malec\u00f3n de La Habana, el arte tiene vista al mar"},"content":{"rendered":"<p>Un enorme trineo dorado lleno de remiendos, campanitas y mu\u00f1equitos, refulge bajo el t\u00f3rrido sol del Malec\u00f3n de La Habana. Es parte de un ej\u00e9rcito de obras de arte con vista al mar Caribe, al alcance de los caminantes.<\/p>\n<p>\u00abEl Trineo\u00bb es la s\u00edntesis del arraigo y desarraigo de Enrique Mart\u00ednez Celaya (54 a\u00f1os), un cubano americano que regresa a su pa\u00eds natal despu\u00e9s de casi cinco d\u00e9cadas, para participar en Detr\u00e1s del Muro, uno de los mayores atractivos de la XIII Bienal de La Habana.Se trata de \u00abuna proyecci\u00f3n absurda de un trineo hecho con remiendos de memoria, de historias\u00bb, en un lugar \u00abdonde el sol derrite animales, si es necesario\u00bb, explica el artista a la AFP.<\/p>\n<p><strong>Detr\u00e1s del muro<\/strong><br \/>\nEn ambas aceras de la avenida costanera del Malec\u00f3n, por m\u00e1s de un kil\u00f3metro, los caminantes van descubriendo obras, que mientras dure la Bienal, del 12 de abril al 12 de mayo, sumaran m\u00e1s de 60 artistas de nueve pa\u00edses. Entre ellos estar\u00e1n Laurent Grasso (Francia), Grimanesa Amor\u00f3s (Per\u00fa- Estados Unidos), Jos\u00e9 D\u00e1vila (M\u00e9xico) y Per Inge Bjorlo (Noruega), adem\u00e1s de reconocidos cubanos como Pedro de Ora\u00e1, Pedro Pablo Oliva y Roberto Fabelo. El resto de las muestras de la Bienal, que totalizan m\u00e1s de 800 realizadores, 300 de ellos extranjeros, se exponen en museos, galer\u00edas y centros culturales.<\/p>\n<p><strong>AFP<\/strong><\/p>\n","protected":false},"excerpt":{"rendered":"<p>Un enorme trineo dorado lleno de remiendos, campanitas y mu\u00f1equitos, <a href=\"https:\/\/sertv.gob.pa\/crisolfm\/en-el-malecon-de-la-habana-el-arte-tiene-vista-al-mar\/\"> [&#8230;]<\/a><\/p>\n","protected":false},"author":64,"featured_media":19267,"comment_status":"closed","ping_status":"closed","sticky":false,"template":"","format":"standard","meta":{"footnotes":""},"categories":[6],"tags":[],"class_list":["post-19265","post","type-post","status-publish","format-standard","has-post-thumbnail","hentry","category-culturales"],"_links":{"self":[{"href":"https:\/\/sertv.gob.pa\/crisolfm\/wp-json\/wp\/v2\/posts\/19265","targetHints":{"allow":["GET"]}}],"collection":[{"href":"https:\/\/sertv.gob.pa\/crisolfm\/wp-json\/wp\/v2\/posts"}],"about":[{"href":"https:\/\/sertv.gob.pa\/crisolfm\/wp-json\/wp\/v2\/types\/post"}],"author":[{"embeddable":true,"href":"https:\/\/sertv.gob.pa\/crisolfm\/wp-json\/wp\/v2\/users\/64"}],"replies":[{"embeddable":true,"href":"https:\/\/sertv.gob.pa\/crisolfm\/wp-json\/wp\/v2\/comments?post=19265"}],"version-history":[{"count":1,"href":"https:\/\/sertv.gob.pa\/crisolfm\/wp-json\/wp\/v2\/posts\/19265\/revisions"}],"predecessor-version":[{"id":19268,"href":"https:\/\/sertv.gob.pa\/crisolfm\/wp-json\/wp\/v2\/posts\/19265\/revisions\/19268"}],"wp:featuredmedia":[{"embeddable":true,"href":"https:\/\/sertv.gob.pa\/crisolfm\/wp-json\/wp\/v2\/media\/19267"}],"wp:attachment":[{"href":"https:\/\/sertv.gob.pa\/crisolfm\/wp-json\/wp\/v2\/media?parent=19265"}],"wp:term":[{"taxonomy":"category","embeddable":true,"href":"https:\/\/sertv.gob.pa\/crisolfm\/wp-json\/wp\/v2\/categories?post=19265"},{"taxonomy":"post_tag","embeddable":true,"href":"https:\/\/sertv.gob.pa\/crisolfm\/wp-json\/wp\/v2\/tags?post=19265"}],"curies":[{"name":"wp","href":"https:\/\/api.w.org\/{rel}","templated":true}]}}