{"id":19302,"date":"2019-04-16T15:33:35","date_gmt":"2019-04-16T15:33:35","guid":{"rendered":"https:\/\/sertv.gob.pa\/crisolfm\/?p=19302"},"modified":"2019-04-16T15:33:35","modified_gmt":"2019-04-16T15:33:35","slug":"la-deforestacion-puede-suponer-145-grados-mas-para-2050-en-brasil","status":"publish","type":"post","link":"https:\/\/sertv.gob.pa\/crisolfm\/la-deforestacion-puede-suponer-145-grados-mas-para-2050-en-brasil\/","title":{"rendered":"La deforestaci\u00f3n puede suponer 1,45 grados m\u00e1s para 2050 en Brasil"},"content":{"rendered":"<p><strong>La deforestaci\u00f3n brasile\u00f1a<\/strong> puede resultar en un aumento de 1,45\u00b0C para 2050, seg\u00fan un nuevo modelo que cuantifica cambios en las propiedades de la reflexi\u00f3n de la luz solar y la evapotranspiraci\u00f3n. Se sabe que los bosques reflejan menos luz solar y tienen mayor evapotranspiraci\u00f3n que la vegetaci\u00f3n abierta, lo que significa que la deforestaci\u00f3n y la forestaci\u00f3n podr\u00edan afectar a la temperatura de la superficie de la tierra local. Sin embargo, hasta hace poco hab\u00eda datos globales limitados de alta resoluci\u00f3n.<\/p>\n<p>Los autores de esta investigaci\u00f3n &#8211;de la Universidad Estatal de R\u00edo de Janeiro&#8211; utilizaron un conjunto de datos globales de 2000-2010 para cuantificar los impactos del cambio forestal en las temperaturas locales. <em>Usaron datos reci\u00e9n publicados sobre la cobertura forestal<\/em>, las tasas de evapotranspiraci\u00f3n, la reflexi\u00f3n de la luz solar y la temperatura de la superficie terrestre y construyeron un modelo para cuantificar la relaci\u00f3n entre estas variables para las regiones tropicales, templadas y boreales.<\/p>\n<p><strong>\u00a0<\/strong>ECOticias<\/p>\n","protected":false},"excerpt":{"rendered":"<p>La deforestaci\u00f3n brasile\u00f1a puede resultar en un aumento de 1,45\u00b0C <a href=\"https:\/\/sertv.gob.pa\/crisolfm\/la-deforestacion-puede-suponer-145-grados-mas-para-2050-en-brasil\/\"> [&#8230;]<\/a><\/p>\n","protected":false},"author":64,"featured_media":19304,"comment_status":"closed","ping_status":"closed","sticky":false,"template":"","format":"standard","meta":{"footnotes":""},"categories":[7],"tags":[],"class_list":["post-19302","post","type-post","status-publish","format-standard","has-post-thumbnail","hentry","category-ecologicas"],"_links":{"self":[{"href":"https:\/\/sertv.gob.pa\/crisolfm\/wp-json\/wp\/v2\/posts\/19302","targetHints":{"allow":["GET"]}}],"collection":[{"href":"https:\/\/sertv.gob.pa\/crisolfm\/wp-json\/wp\/v2\/posts"}],"about":[{"href":"https:\/\/sertv.gob.pa\/crisolfm\/wp-json\/wp\/v2\/types\/post"}],"author":[{"embeddable":true,"href":"https:\/\/sertv.gob.pa\/crisolfm\/wp-json\/wp\/v2\/users\/64"}],"replies":[{"embeddable":true,"href":"https:\/\/sertv.gob.pa\/crisolfm\/wp-json\/wp\/v2\/comments?post=19302"}],"version-history":[{"count":1,"href":"https:\/\/sertv.gob.pa\/crisolfm\/wp-json\/wp\/v2\/posts\/19302\/revisions"}],"predecessor-version":[{"id":19305,"href":"https:\/\/sertv.gob.pa\/crisolfm\/wp-json\/wp\/v2\/posts\/19302\/revisions\/19305"}],"wp:featuredmedia":[{"embeddable":true,"href":"https:\/\/sertv.gob.pa\/crisolfm\/wp-json\/wp\/v2\/media\/19304"}],"wp:attachment":[{"href":"https:\/\/sertv.gob.pa\/crisolfm\/wp-json\/wp\/v2\/media?parent=19302"}],"wp:term":[{"taxonomy":"category","embeddable":true,"href":"https:\/\/sertv.gob.pa\/crisolfm\/wp-json\/wp\/v2\/categories?post=19302"},{"taxonomy":"post_tag","embeddable":true,"href":"https:\/\/sertv.gob.pa\/crisolfm\/wp-json\/wp\/v2\/tags?post=19302"}],"curies":[{"name":"wp","href":"https:\/\/api.w.org\/{rel}","templated":true}]}}