{"id":19319,"date":"2019-04-17T13:49:11","date_gmt":"2019-04-17T13:49:11","guid":{"rendered":"https:\/\/sertv.gob.pa\/crisolfm\/?p=19319"},"modified":"2019-04-17T13:49:11","modified_gmt":"2019-04-17T13:49:11","slug":"la-ventana-para-actuar-contra-cambio-climatico-no-estara-abierta-mucho-tiempo-avisa-thunberg","status":"publish","type":"post","link":"https:\/\/sertv.gob.pa\/crisolfm\/la-ventana-para-actuar-contra-cambio-climatico-no-estara-abierta-mucho-tiempo-avisa-thunberg\/","title":{"rendered":"La ventana para actuar contra cambio clim\u00e1tico \u00abno estar\u00e1 abierta mucho tiempo\u00bb, avisa Thunberg"},"content":{"rendered":"<p style=\"text-align: justify\">La ventana de oportunidad para luchar contra el cambio clim\u00e1tico no permanecer\u00e1 abierta durante mucho tiempo, advirti\u00f3 este martes la activista sueca Greta Thunberg, en la Euroc\u00e1mara. Los pol\u00edticos europeos deben \u00abactuar ahora, ya que no hay mucho tiempo\u00bb, declar\u00f3 a la prensa esta adolescente de 16 a\u00f1os en la sede parlamentaria en Estrasburgo (noreste de Francia).<\/p>\n<p style=\"text-align: justify\">\u00abTodav\u00eda tenemos una ventana abierta durante la cual podemos actuar, pero no estar\u00e1 abierta por mucho tiempo, por lo que debemos aprovechar esta oportunidad\u00bb, agreg\u00f3 la joven. Thunberg, que todav\u00eda no tiene derecho a voto, estim\u00f3 \u00abesencial\u00bb votar en las elecciones a la Euroc\u00e1mara del 23 al 26 de mayo para \u00abaprovechar esta oportunidad de influir\u00bb en el debate.<\/p>\n<p style=\"text-align: justify\">\u00a0AFP<\/p>\n","protected":false},"excerpt":{"rendered":"<p>La ventana de oportunidad para luchar contra el cambio clim\u00e1tico <a href=\"https:\/\/sertv.gob.pa\/crisolfm\/la-ventana-para-actuar-contra-cambio-climatico-no-estara-abierta-mucho-tiempo-avisa-thunberg\/\"> [&#8230;]<\/a><\/p>\n","protected":false},"author":64,"featured_media":19321,"comment_status":"closed","ping_status":"closed","sticky":false,"template":"","format":"standard","meta":{"footnotes":""},"categories":[7],"tags":[],"class_list":["post-19319","post","type-post","status-publish","format-standard","has-post-thumbnail","hentry","category-ecologicas"],"_links":{"self":[{"href":"https:\/\/sertv.gob.pa\/crisolfm\/wp-json\/wp\/v2\/posts\/19319","targetHints":{"allow":["GET"]}}],"collection":[{"href":"https:\/\/sertv.gob.pa\/crisolfm\/wp-json\/wp\/v2\/posts"}],"about":[{"href":"https:\/\/sertv.gob.pa\/crisolfm\/wp-json\/wp\/v2\/types\/post"}],"author":[{"embeddable":true,"href":"https:\/\/sertv.gob.pa\/crisolfm\/wp-json\/wp\/v2\/users\/64"}],"replies":[{"embeddable":true,"href":"https:\/\/sertv.gob.pa\/crisolfm\/wp-json\/wp\/v2\/comments?post=19319"}],"version-history":[{"count":1,"href":"https:\/\/sertv.gob.pa\/crisolfm\/wp-json\/wp\/v2\/posts\/19319\/revisions"}],"predecessor-version":[{"id":19322,"href":"https:\/\/sertv.gob.pa\/crisolfm\/wp-json\/wp\/v2\/posts\/19319\/revisions\/19322"}],"wp:featuredmedia":[{"embeddable":true,"href":"https:\/\/sertv.gob.pa\/crisolfm\/wp-json\/wp\/v2\/media\/19321"}],"wp:attachment":[{"href":"https:\/\/sertv.gob.pa\/crisolfm\/wp-json\/wp\/v2\/media?parent=19319"}],"wp:term":[{"taxonomy":"category","embeddable":true,"href":"https:\/\/sertv.gob.pa\/crisolfm\/wp-json\/wp\/v2\/categories?post=19319"},{"taxonomy":"post_tag","embeddable":true,"href":"https:\/\/sertv.gob.pa\/crisolfm\/wp-json\/wp\/v2\/tags?post=19319"}],"curies":[{"name":"wp","href":"https:\/\/api.w.org\/{rel}","templated":true}]}}