{"id":19323,"date":"2019-04-17T13:55:32","date_gmt":"2019-04-17T13:55:32","guid":{"rendered":"https:\/\/sertv.gob.pa\/crisolfm\/?p=19323"},"modified":"2019-04-17T13:55:32","modified_gmt":"2019-04-17T13:55:32","slug":"en-el-techo-del-met-de-ny-alicja-kwade-acerca-rascacielos-y-planetas","status":"publish","type":"post","link":"https:\/\/sertv.gob.pa\/crisolfm\/en-el-techo-del-met-de-ny-alicja-kwade-acerca-rascacielos-y-planetas\/","title":{"rendered":"En el techo del Met de NY, Alicja Kwade acerca rascacielos y planetas"},"content":{"rendered":"<p style=\"text-align: justify\">Invitada a exponer en el techo del Museo Metropolitano de Nueva York, la artista alemana-polaca Alicja Kwade pone en juego los rascacielos del horizonte con las esferas de su instalaci\u00f3n, arrastrando al visitante a un v\u00e9rtigo de relatividad. Conocida por sus esculturas e instalaciones emblem\u00e1ticas, la artista que gan\u00f3 notoriedad en la Bienal de Venecia en 2017 es la s\u00e9ptima invitada desde 2013 a la terraza con vistas al Central Park.<\/p>\n<p style=\"text-align: justify\">En el techo del Met, Kwade despleg\u00f3 una serie de marcos met\u00e1licos gigantes donde esparci\u00f3 nueve esferas masivas, una de las cuales pesa 1,6 toneladas. Las piedras tienen diferentes or\u00edgenes, de la India a Noruega, pasando por Brasil. Como en todas las obras de Alicja Kwade, el mensaje de la instalaci\u00f3n \u00abParaPivot\u00bb, visible a partir del martes y hasta el 27 de octubre, es m\u00faltiple y las interpretaciones son variadas. La artista busc\u00f3 ante todo adentrarse en el horizonte de Manhattan y su bosque de edificios.<\/p>\n<p>AFP<\/p>\n<p>&nbsp;<\/p>\n<p style=\"text-align: justify\">\n","protected":false},"excerpt":{"rendered":"<p>Invitada a exponer en el techo del Museo Metropolitano de <a href=\"https:\/\/sertv.gob.pa\/crisolfm\/en-el-techo-del-met-de-ny-alicja-kwade-acerca-rascacielos-y-planetas\/\"> [&#8230;]<\/a><\/p>\n","protected":false},"author":64,"featured_media":19325,"comment_status":"closed","ping_status":"closed","sticky":false,"template":"","format":"standard","meta":{"footnotes":""},"categories":[6],"tags":[],"class_list":["post-19323","post","type-post","status-publish","format-standard","has-post-thumbnail","hentry","category-culturales"],"_links":{"self":[{"href":"https:\/\/sertv.gob.pa\/crisolfm\/wp-json\/wp\/v2\/posts\/19323","targetHints":{"allow":["GET"]}}],"collection":[{"href":"https:\/\/sertv.gob.pa\/crisolfm\/wp-json\/wp\/v2\/posts"}],"about":[{"href":"https:\/\/sertv.gob.pa\/crisolfm\/wp-json\/wp\/v2\/types\/post"}],"author":[{"embeddable":true,"href":"https:\/\/sertv.gob.pa\/crisolfm\/wp-json\/wp\/v2\/users\/64"}],"replies":[{"embeddable":true,"href":"https:\/\/sertv.gob.pa\/crisolfm\/wp-json\/wp\/v2\/comments?post=19323"}],"version-history":[{"count":1,"href":"https:\/\/sertv.gob.pa\/crisolfm\/wp-json\/wp\/v2\/posts\/19323\/revisions"}],"predecessor-version":[{"id":19326,"href":"https:\/\/sertv.gob.pa\/crisolfm\/wp-json\/wp\/v2\/posts\/19323\/revisions\/19326"}],"wp:featuredmedia":[{"embeddable":true,"href":"https:\/\/sertv.gob.pa\/crisolfm\/wp-json\/wp\/v2\/media\/19325"}],"wp:attachment":[{"href":"https:\/\/sertv.gob.pa\/crisolfm\/wp-json\/wp\/v2\/media?parent=19323"}],"wp:term":[{"taxonomy":"category","embeddable":true,"href":"https:\/\/sertv.gob.pa\/crisolfm\/wp-json\/wp\/v2\/categories?post=19323"},{"taxonomy":"post_tag","embeddable":true,"href":"https:\/\/sertv.gob.pa\/crisolfm\/wp-json\/wp\/v2\/tags?post=19323"}],"curies":[{"name":"wp","href":"https:\/\/api.w.org\/{rel}","templated":true}]}}