{"id":19335,"date":"2019-04-17T14:41:51","date_gmt":"2019-04-17T14:41:51","guid":{"rendered":"https:\/\/sertv.gob.pa\/crisolfm\/?p=19335"},"modified":"2019-04-17T14:41:51","modified_gmt":"2019-04-17T14:41:51","slug":"europa-adopta-norma-que-fija-el-objetivo-de-reducir-375-emisiones-de-coches-en-2030","status":"publish","type":"post","link":"https:\/\/sertv.gob.pa\/crisolfm\/europa-adopta-norma-que-fija-el-objetivo-de-reducir-375-emisiones-de-coches-en-2030\/","title":{"rendered":"Europa adopta norma que fija el objetivo de reducir 37,5% emisiones de coches en 2030"},"content":{"rendered":"<p>La Uni\u00f3n Europea ha dado este lunes el \u00faltimo paso para aprobar la normativa que fija un objetivo de<strong> reducci\u00f3n de emisiones contaminantes para coches<\/strong> del 37,5% y del 31% para furgonetas en 2030, en ambos casos con respecto a los niveles que se registren en 2021. Adem\u00e1s, establece un objetivo intermedio seg\u00fan el cual los veh\u00edculos ligeros del bloque comunitario (turismos y furgonetas) tendr\u00e1n que emitir <em>un 15% menos de di\u00f3xido de carbono (CO2)<\/em> entre 2025 y 2029. Estas cifras son metas generales para todo el parque de la UE y el esfuerzo concreto para cada fabricante se repartir\u00e1 en funci\u00f3n de su flota media.<\/p>\n<p>El Consejo de la UE (los Estados miembros) han dado este lunes su visto bueno definitivo, despu\u00e9s de que el Parlamento Europeo aprobase por su parte el reglamento a finales de marzo. Los textos definitivos ser\u00e1n ahora publicados en el Diario Oficial de la Uni\u00f3n Europea y su entrada en vigor llegar\u00e1 20 d\u00edas despu\u00e9s.<\/p>\n<p>ECOticias<\/p>\n","protected":false},"excerpt":{"rendered":"<p>La Uni\u00f3n Europea ha dado este lunes el \u00faltimo paso <a href=\"https:\/\/sertv.gob.pa\/crisolfm\/europa-adopta-norma-que-fija-el-objetivo-de-reducir-375-emisiones-de-coches-en-2030\/\"> [&#8230;]<\/a><\/p>\n","protected":false},"author":64,"featured_media":19337,"comment_status":"closed","ping_status":"closed","sticky":false,"template":"","format":"standard","meta":{"footnotes":""},"categories":[7],"tags":[],"class_list":["post-19335","post","type-post","status-publish","format-standard","has-post-thumbnail","hentry","category-ecologicas"],"_links":{"self":[{"href":"https:\/\/sertv.gob.pa\/crisolfm\/wp-json\/wp\/v2\/posts\/19335","targetHints":{"allow":["GET"]}}],"collection":[{"href":"https:\/\/sertv.gob.pa\/crisolfm\/wp-json\/wp\/v2\/posts"}],"about":[{"href":"https:\/\/sertv.gob.pa\/crisolfm\/wp-json\/wp\/v2\/types\/post"}],"author":[{"embeddable":true,"href":"https:\/\/sertv.gob.pa\/crisolfm\/wp-json\/wp\/v2\/users\/64"}],"replies":[{"embeddable":true,"href":"https:\/\/sertv.gob.pa\/crisolfm\/wp-json\/wp\/v2\/comments?post=19335"}],"version-history":[{"count":1,"href":"https:\/\/sertv.gob.pa\/crisolfm\/wp-json\/wp\/v2\/posts\/19335\/revisions"}],"predecessor-version":[{"id":19338,"href":"https:\/\/sertv.gob.pa\/crisolfm\/wp-json\/wp\/v2\/posts\/19335\/revisions\/19338"}],"wp:featuredmedia":[{"embeddable":true,"href":"https:\/\/sertv.gob.pa\/crisolfm\/wp-json\/wp\/v2\/media\/19337"}],"wp:attachment":[{"href":"https:\/\/sertv.gob.pa\/crisolfm\/wp-json\/wp\/v2\/media?parent=19335"}],"wp:term":[{"taxonomy":"category","embeddable":true,"href":"https:\/\/sertv.gob.pa\/crisolfm\/wp-json\/wp\/v2\/categories?post=19335"},{"taxonomy":"post_tag","embeddable":true,"href":"https:\/\/sertv.gob.pa\/crisolfm\/wp-json\/wp\/v2\/tags?post=19335"}],"curies":[{"name":"wp","href":"https:\/\/api.w.org\/{rel}","templated":true}]}}