{"id":19343,"date":"2019-04-17T14:51:30","date_gmt":"2019-04-17T14:51:30","guid":{"rendered":"https:\/\/sertv.gob.pa\/crisolfm\/?p=19343"},"modified":"2019-04-17T14:51:30","modified_gmt":"2019-04-17T14:51:30","slug":"recuperado-el-gallo-de-cobre-que-coronaba-la-aguja-de-notre-dame","status":"publish","type":"post","link":"https:\/\/sertv.gob.pa\/crisolfm\/recuperado-el-gallo-de-cobre-que-coronaba-la-aguja-de-notre-dame\/","title":{"rendered":"Recuperado el gallo de cobre que coronaba la aguja de Notre Dame"},"content":{"rendered":"<p>El gallo de cobre repujado que coronaba la aguja derruida en el incendio de la catedral de Notre Dame ha sido recuperado, seg\u00fan ha informado una fuente del Ministerio de Cultura franc\u00e9s <a href=\"http:\/\/www.leparisien.fr\/faits-divers\/incendie-de-notre-dame-le-coq-de-la-fleche-de-notre-dame-a-ete-retrouve-dans-les-decombres-16-04-2019-8054835.php\" target=\"_blank\" rel=\"noopener\">al peri\u00f3dico <em>Le Parisien<\/em><\/a>. Las primeras informaciones apuntaban a que el fuego hab\u00eda consumido la ic\u00f3nica escultura, que seg\u00fan la Iglesia albergaba las reliquias de Santa Genoveva y San Denis, as\u00ed como un fragmento de la Corona de Espinas de Cristo. Se desconoce el estado de las reliquias que conten\u00eda el gallo.<\/p>\n<p>La aguja de Viollet-le-Duc, conocida como la <em>fl\u00e8che,<\/em> a\u00f1adida por el arquitecto Eug\u00e8ne Viollet-le-Duc en 1859-1860, que se alzaba 93 metros sobre el suelo, estaba coronada por esta escultura. \u00ab\u00a1Incre\u00edble! Un miembro de GMH [agrupaci\u00f3n de empresas restauradoras de monumentos hist\u00f3ricos] ha encontrado entre los escombros el gallo\u00bb, public\u00f3 en Twitter el pasado martes Jacques Chanut, junto con dos fotograf\u00edas de la escultura. Uno de los restauradores encargados de buscar entre los escombros de la catedral ha sido quien lo ha encontrado, explica <em>Le Parisien<\/em>. \u00abEst\u00e1 abollado, pero puede ser restaurado\u00bb, coment\u00f3 una fuente del ministerio de Cultura al peri\u00f3dico parisino.<\/p>\n<p>Pese a la r\u00e1pida expansi\u00f3n de las llamas, <a href=\"https:\/\/elpais.com\/cultura\/2019\/04\/16\/actualidad\/1555412193_499224.html\" target=\"_blank\" rel=\"noopener\">muchas obras lograron ser salvadas intactas del incendio<\/a> gracias a la acci\u00f3n de \u201cuna cadena humana\u201d, en palabras de la alcaldesa de Par\u00eds, Anne Hidalgo. La <em>fl\u00e8che<\/em> y el campanario situado en la parte posterior de la nave desaparecieron una hora despu\u00e9s del comienzo del incendio.<\/p>\n<p>El Pa\u00eds<\/p>\n","protected":false},"excerpt":{"rendered":"<p>El gallo de cobre repujado que coronaba la aguja derruida <a href=\"https:\/\/sertv.gob.pa\/crisolfm\/recuperado-el-gallo-de-cobre-que-coronaba-la-aguja-de-notre-dame\/\"> [&#8230;]<\/a><\/p>\n","protected":false},"author":64,"featured_media":19345,"comment_status":"closed","ping_status":"closed","sticky":false,"template":"","format":"standard","meta":{"footnotes":""},"categories":[6],"tags":[],"class_list":["post-19343","post","type-post","status-publish","format-standard","has-post-thumbnail","hentry","category-culturales"],"_links":{"self":[{"href":"https:\/\/sertv.gob.pa\/crisolfm\/wp-json\/wp\/v2\/posts\/19343","targetHints":{"allow":["GET"]}}],"collection":[{"href":"https:\/\/sertv.gob.pa\/crisolfm\/wp-json\/wp\/v2\/posts"}],"about":[{"href":"https:\/\/sertv.gob.pa\/crisolfm\/wp-json\/wp\/v2\/types\/post"}],"author":[{"embeddable":true,"href":"https:\/\/sertv.gob.pa\/crisolfm\/wp-json\/wp\/v2\/users\/64"}],"replies":[{"embeddable":true,"href":"https:\/\/sertv.gob.pa\/crisolfm\/wp-json\/wp\/v2\/comments?post=19343"}],"version-history":[{"count":1,"href":"https:\/\/sertv.gob.pa\/crisolfm\/wp-json\/wp\/v2\/posts\/19343\/revisions"}],"predecessor-version":[{"id":19346,"href":"https:\/\/sertv.gob.pa\/crisolfm\/wp-json\/wp\/v2\/posts\/19343\/revisions\/19346"}],"wp:featuredmedia":[{"embeddable":true,"href":"https:\/\/sertv.gob.pa\/crisolfm\/wp-json\/wp\/v2\/media\/19345"}],"wp:attachment":[{"href":"https:\/\/sertv.gob.pa\/crisolfm\/wp-json\/wp\/v2\/media?parent=19343"}],"wp:term":[{"taxonomy":"category","embeddable":true,"href":"https:\/\/sertv.gob.pa\/crisolfm\/wp-json\/wp\/v2\/categories?post=19343"},{"taxonomy":"post_tag","embeddable":true,"href":"https:\/\/sertv.gob.pa\/crisolfm\/wp-json\/wp\/v2\/tags?post=19343"}],"curies":[{"name":"wp","href":"https:\/\/api.w.org\/{rel}","templated":true}]}}