{"id":19347,"date":"2019-04-17T14:58:06","date_gmt":"2019-04-17T14:58:06","guid":{"rendered":"https:\/\/sertv.gob.pa\/crisolfm\/?p=19347"},"modified":"2019-04-17T14:58:06","modified_gmt":"2019-04-17T14:58:06","slug":"muere-manuel-alcantara-maestro-de-columnistas","status":"publish","type":"post","link":"https:\/\/sertv.gob.pa\/crisolfm\/muere-manuel-alcantara-maestro-de-columnistas\/","title":{"rendered":"Muere Manuel Alc\u00e1ntara, maestro de columnistas"},"content":{"rendered":"<p>El poeta y maestro de columnistas <a href=\"https:\/\/www.abc.es\/hemeroteca\/manuel+alcantara\" target=\"_blank\" rel=\"noopener\">Manuel Alc\u00e1ntara<\/a> ha fallecido esta ma\u00f1ana en su domicilio de M\u00e1laga a los <strong>91 a\u00f1os. <\/strong>El escritor se encontraba aquejado de <strong>un resfriado que se ha complicado<\/strong>, aunque ya desde hace unos meses su salud le hab\u00eda apartado de su atalaya en la \u00faltima p\u00e1gina del diario <a href=\"https:\/\/www.diariosur.es\/culturas\/fallece-manuel-alcantara-20190417120347-nt.htm\" target=\"_blank\" rel=\"noopener\">Sur <\/a>y otros peri\u00f3dicos de Vocento. \u00abEl combate se podr\u00e1 perder por KO, pero nunca por abandono\u00bb, dec\u00eda. Lo afirm\u00f3 en la \u00faltima entrevista que concedi\u00f3 a ABC, al poco de cumplir sus primeros 88 a\u00f1os. En efecto. Hab\u00eda aprovechado para despedirse p\u00fablicamente en m\u00e1s de una ocasi\u00f3n. Hace pocos meses que se hab\u00eda apartado definitivamente del pedestal de la \u00absagrada cofrad\u00eda de la columna\u00bb (en expresi\u00f3n de Ignacio Camacho) en el que se ha hecho inmortal.<\/p>\n<p>\u00abYo no aspiro a vivir un a\u00f1o entero, solo a estar vivo al d\u00eda siguiente\u00bb dec\u00eda poco despu\u00e9s de que un &#8216;arrechucho&#8217; le alejara por unos d\u00edas de su columna hace dos a\u00f1os. Hoy esta columna se queda hu\u00e9rfana, al igual que el articulismo espa\u00f1ol.<\/p>\n<p>Deja 30.000 art\u00edculos a sus espaldas, un pu\u00f1ado de grandes amigos y una enorme impronta en el periodismo de todas las generaciones. Manuel Porras Alc\u00e1ntara naci\u00f3 en el malague\u00f1o barrio de la Victoria el 10 de enero de 1928. Muy joven se traslad\u00f3 a Madrid, donde hab\u00edan destinado a su padre, empleado de Renfe. All\u00ed, por iniciativa m\u00e1s paterna que suya, inici\u00f3 estudios de Derecho. Pero abandon\u00f3 pronto ante la llamada de la poes\u00eda y de las tertulias literarias en las que conoci\u00f3 a Camba o Gonz\u00e1lez Ruano. En 1955 publicar\u00eda su primer libro, \u00abManera de silencio\u00bb, y muy temprano comenzar\u00eda a cosechar sus primeros galardones literarios, que le hicieron ver ya en ese entonces para qu\u00e9 estaba hecho: \u00abno aburrir ni a Dios sobre todas las cosas\u00bb, como sol\u00eda decir.<\/p>\n<p>ABC Cultura<\/p>\n","protected":false},"excerpt":{"rendered":"<p>El poeta y maestro de columnistas Manuel Alc\u00e1ntara ha fallecido <a href=\"https:\/\/sertv.gob.pa\/crisolfm\/muere-manuel-alcantara-maestro-de-columnistas\/\"> [&#8230;]<\/a><\/p>\n","protected":false},"author":64,"featured_media":19349,"comment_status":"closed","ping_status":"closed","sticky":false,"template":"","format":"standard","meta":{"footnotes":""},"categories":[6],"tags":[],"class_list":["post-19347","post","type-post","status-publish","format-standard","has-post-thumbnail","hentry","category-culturales"],"_links":{"self":[{"href":"https:\/\/sertv.gob.pa\/crisolfm\/wp-json\/wp\/v2\/posts\/19347","targetHints":{"allow":["GET"]}}],"collection":[{"href":"https:\/\/sertv.gob.pa\/crisolfm\/wp-json\/wp\/v2\/posts"}],"about":[{"href":"https:\/\/sertv.gob.pa\/crisolfm\/wp-json\/wp\/v2\/types\/post"}],"author":[{"embeddable":true,"href":"https:\/\/sertv.gob.pa\/crisolfm\/wp-json\/wp\/v2\/users\/64"}],"replies":[{"embeddable":true,"href":"https:\/\/sertv.gob.pa\/crisolfm\/wp-json\/wp\/v2\/comments?post=19347"}],"version-history":[{"count":1,"href":"https:\/\/sertv.gob.pa\/crisolfm\/wp-json\/wp\/v2\/posts\/19347\/revisions"}],"predecessor-version":[{"id":19350,"href":"https:\/\/sertv.gob.pa\/crisolfm\/wp-json\/wp\/v2\/posts\/19347\/revisions\/19350"}],"wp:featuredmedia":[{"embeddable":true,"href":"https:\/\/sertv.gob.pa\/crisolfm\/wp-json\/wp\/v2\/media\/19349"}],"wp:attachment":[{"href":"https:\/\/sertv.gob.pa\/crisolfm\/wp-json\/wp\/v2\/media?parent=19347"}],"wp:term":[{"taxonomy":"category","embeddable":true,"href":"https:\/\/sertv.gob.pa\/crisolfm\/wp-json\/wp\/v2\/categories?post=19347"},{"taxonomy":"post_tag","embeddable":true,"href":"https:\/\/sertv.gob.pa\/crisolfm\/wp-json\/wp\/v2\/tags?post=19347"}],"curies":[{"name":"wp","href":"https:\/\/api.w.org\/{rel}","templated":true}]}}