{"id":19351,"date":"2019-04-17T15:27:08","date_gmt":"2019-04-17T15:27:08","guid":{"rendered":"https:\/\/sertv.gob.pa\/crisolfm\/?p=19351"},"modified":"2019-04-17T15:27:08","modified_gmt":"2019-04-17T15:27:08","slug":"bogota-acoge-festival-de-musica-clasica-dedicado-a-brahms-schubert-y-schumann","status":"publish","type":"post","link":"https:\/\/sertv.gob.pa\/crisolfm\/bogota-acoge-festival-de-musica-clasica-dedicado-a-brahms-schubert-y-schumann\/","title":{"rendered":"Bogot\u00e1 acoge festival de m\u00fasica cl\u00e1sica dedicado a Brahms, Schubert y Schumann"},"content":{"rendered":"<p>Artistas provenientes de 14 pa\u00edses evocar\u00e1n el romanticismo germ\u00e1nico de Brahms, Schubert y Schumann en el IV Festival Internacional de M\u00fasica Cl\u00e1sica de Bogot\u00e1, que inicia hoy en varios recintos de la capital colombiana. Durante los cuatro d\u00edas del festival \u00abBogot\u00e1 es Brahms, Schubert, Schumann\u00bb, se llevar\u00e1n a cabo 50 conciertos en 15 escenarios de 10 barrios de Bogot\u00e1 que acoger\u00e1n a los 37 solistas, ocho directores, siete orquestas, cinco coros, cuatro cuartetos, un tr\u00edo, un ensamble y un d\u00fao de piano.<\/p>\n<p>El cartel incluye artistas de Austria, tierra natal de Franz Schubert, y de Alemania, donde nacieron en el siglo XIX Johannes Brahms y Robert Schumann.<br \/>\nIgualmente habr\u00e1 int\u00e9rpretes de Espa\u00f1a, Francia, Rusia, Australia, Finlandia, B\u00e9lgica, Grecia, Reino Unido, Taiw\u00e1n, Estados Unidos y Venezuela, adem\u00e1s de Colombia. Entre los invitados destacan la Filarm\u00f3nica de Konstanz y la Orquesta del Festival de Dresden, ambas de Alemania, as\u00ed como la Orquesta Sinf\u00f3nica de Amberes (B\u00e9lgica). De la escena colombiana estar\u00e1n la Orquesta Filarm\u00f3nica de Bogot\u00e1 (OFB), la Orquesta Sinf\u00f3nica Nacional de Colombia, la Nueva Filarmon\u00eda y Fusi\u00f3n Filarm\u00f3nica Juvenil de la OFB.<\/p>\n<p>El Espectador<\/p>\n","protected":false},"excerpt":{"rendered":"<p>Artistas provenientes de 14 pa\u00edses evocar\u00e1n el romanticismo germ\u00e1nico de <a href=\"https:\/\/sertv.gob.pa\/crisolfm\/bogota-acoge-festival-de-musica-clasica-dedicado-a-brahms-schubert-y-schumann\/\"> [&#8230;]<\/a><\/p>\n","protected":false},"author":64,"featured_media":19353,"comment_status":"closed","ping_status":"closed","sticky":false,"template":"","format":"standard","meta":{"footnotes":""},"categories":[6],"tags":[],"class_list":["post-19351","post","type-post","status-publish","format-standard","has-post-thumbnail","hentry","category-culturales"],"_links":{"self":[{"href":"https:\/\/sertv.gob.pa\/crisolfm\/wp-json\/wp\/v2\/posts\/19351","targetHints":{"allow":["GET"]}}],"collection":[{"href":"https:\/\/sertv.gob.pa\/crisolfm\/wp-json\/wp\/v2\/posts"}],"about":[{"href":"https:\/\/sertv.gob.pa\/crisolfm\/wp-json\/wp\/v2\/types\/post"}],"author":[{"embeddable":true,"href":"https:\/\/sertv.gob.pa\/crisolfm\/wp-json\/wp\/v2\/users\/64"}],"replies":[{"embeddable":true,"href":"https:\/\/sertv.gob.pa\/crisolfm\/wp-json\/wp\/v2\/comments?post=19351"}],"version-history":[{"count":1,"href":"https:\/\/sertv.gob.pa\/crisolfm\/wp-json\/wp\/v2\/posts\/19351\/revisions"}],"predecessor-version":[{"id":19354,"href":"https:\/\/sertv.gob.pa\/crisolfm\/wp-json\/wp\/v2\/posts\/19351\/revisions\/19354"}],"wp:featuredmedia":[{"embeddable":true,"href":"https:\/\/sertv.gob.pa\/crisolfm\/wp-json\/wp\/v2\/media\/19353"}],"wp:attachment":[{"href":"https:\/\/sertv.gob.pa\/crisolfm\/wp-json\/wp\/v2\/media?parent=19351"}],"wp:term":[{"taxonomy":"category","embeddable":true,"href":"https:\/\/sertv.gob.pa\/crisolfm\/wp-json\/wp\/v2\/categories?post=19351"},{"taxonomy":"post_tag","embeddable":true,"href":"https:\/\/sertv.gob.pa\/crisolfm\/wp-json\/wp\/v2\/tags?post=19351"}],"curies":[{"name":"wp","href":"https:\/\/api.w.org\/{rel}","templated":true}]}}