{"id":19362,"date":"2019-04-18T13:31:09","date_gmt":"2019-04-18T13:31:09","guid":{"rendered":"https:\/\/sertv.gob.pa\/crisolfm\/?p=19362"},"modified":"2019-04-18T13:31:09","modified_gmt":"2019-04-18T13:31:09","slug":"caro-y-cuervo-lanzara-libro-sobre-dichos-y-refranes-en-obra-de-garcia-marquez","status":"publish","type":"post","link":"https:\/\/sertv.gob.pa\/crisolfm\/caro-y-cuervo-lanzara-libro-sobre-dichos-y-refranes-en-obra-de-garcia-marquez\/","title":{"rendered":"Caro y Cuervo lanzar\u00e1 libro sobre dichos y refranes en obra de Garc\u00eda M\u00e1rquez"},"content":{"rendered":"<p>El Instituto Caro y Cuervo presentar\u00e1 en la Feria del Libro de Bogot\u00e1 un libro en el que tres investigadores colombianos estudian los dichos, refranes y locuciones m\u00e1s utilizadas por el premio nobel Gabriel Garc\u00eda M\u00e1rquez en sus novelas. \u00abDichos, refranes y locuciones en las novelas de Gabriel Garc\u00eda M\u00e1rquez\u00bb se presentar\u00e1 el pr\u00f3ximo 2 de mayo en la Feria del Libro de Bogot\u00e1, inform\u00f3 el Caro y Cuervo este mi\u00e9rcoles, d\u00eda en el que se conmemora el quinto aniversario del fallecimiento del escritor colombiano, ocurrido el 17 de abril de 2014 en Ciudad de M\u00e9xico.<\/p>\n<p>El Caro y Cuervo es una instituci\u00f3n p\u00fablica dedicada al estudio y la preservaci\u00f3n de la ling\u00fc\u00edstica, la filolog\u00eda, la literatura, las humanidades y la historia en Colombia. La publicaci\u00f3n es fruto del trabajo de Viviana D\u00edaz Orozco, Lirian Astrid Ciro y Francisco Octavio Zuluaga, investigadores de la Universidad de Antioquia.<\/p>\n<p>EFE<\/p>\n","protected":false},"excerpt":{"rendered":"<p>El Instituto Caro y Cuervo presentar\u00e1 en la Feria del <a href=\"https:\/\/sertv.gob.pa\/crisolfm\/caro-y-cuervo-lanzara-libro-sobre-dichos-y-refranes-en-obra-de-garcia-marquez\/\"> [&#8230;]<\/a><\/p>\n","protected":false},"author":64,"featured_media":19365,"comment_status":"closed","ping_status":"closed","sticky":false,"template":"","format":"standard","meta":{"footnotes":""},"categories":[6],"tags":[],"class_list":["post-19362","post","type-post","status-publish","format-standard","has-post-thumbnail","hentry","category-culturales"],"_links":{"self":[{"href":"https:\/\/sertv.gob.pa\/crisolfm\/wp-json\/wp\/v2\/posts\/19362","targetHints":{"allow":["GET"]}}],"collection":[{"href":"https:\/\/sertv.gob.pa\/crisolfm\/wp-json\/wp\/v2\/posts"}],"about":[{"href":"https:\/\/sertv.gob.pa\/crisolfm\/wp-json\/wp\/v2\/types\/post"}],"author":[{"embeddable":true,"href":"https:\/\/sertv.gob.pa\/crisolfm\/wp-json\/wp\/v2\/users\/64"}],"replies":[{"embeddable":true,"href":"https:\/\/sertv.gob.pa\/crisolfm\/wp-json\/wp\/v2\/comments?post=19362"}],"version-history":[{"count":1,"href":"https:\/\/sertv.gob.pa\/crisolfm\/wp-json\/wp\/v2\/posts\/19362\/revisions"}],"predecessor-version":[{"id":19366,"href":"https:\/\/sertv.gob.pa\/crisolfm\/wp-json\/wp\/v2\/posts\/19362\/revisions\/19366"}],"wp:featuredmedia":[{"embeddable":true,"href":"https:\/\/sertv.gob.pa\/crisolfm\/wp-json\/wp\/v2\/media\/19365"}],"wp:attachment":[{"href":"https:\/\/sertv.gob.pa\/crisolfm\/wp-json\/wp\/v2\/media?parent=19362"}],"wp:term":[{"taxonomy":"category","embeddable":true,"href":"https:\/\/sertv.gob.pa\/crisolfm\/wp-json\/wp\/v2\/categories?post=19362"},{"taxonomy":"post_tag","embeddable":true,"href":"https:\/\/sertv.gob.pa\/crisolfm\/wp-json\/wp\/v2\/tags?post=19362"}],"curies":[{"name":"wp","href":"https:\/\/api.w.org\/{rel}","templated":true}]}}