{"id":1938,"date":"2015-03-21T05:00:00","date_gmt":"2015-03-21T05:00:00","guid":{"rendered":""},"modified":"2015-03-21T05:00:00","modified_gmt":"2015-03-21T05:00:00","slug":"brasil-invitado-de-honor-del-salon-del-libro-de-paris","status":"publish","type":"post","link":"https:\/\/sertv.gob.pa\/crisolfm\/brasil-invitado-de-honor-del-salon-del-libro-de-paris\/","title":{"rendered":"Brasil, invitado de honor del Sal\u00f3n del Libro de Par\u00eds"},"content":{"rendered":"<p>\nBrasil es el invitado de honor del Sal\u00f3n del Libro de Par\u00eds, que se celebra entre el 20 y el 23 de marzo en la capital francesa, una ocasi\u00f3n para mostrar a los lectores la vitalidad de la literatura brasile\u00f1a. <\/p>\n<p>Alrededor de 50 autores brasile\u00f1os acudir\u00e1n al evento para dar a conocer la diversidad de la cultura del pa\u00eds, entre ellos, autores como Bernardo Carvalho, Paulo Coelho, Ana Mar\u00eda Machado, Paulo Lins o N\u00e9lida Pi\u00f1on. <\/p>\n<p>El pa\u00eds de 200 millones de habitantes, invitado de honor por segunda vez luego de la edici\u00f3n de 1998, experimenta un gran crecimiento de su sector editorial. <\/p>\n<p>Autores de ficci\u00f3n, ensayo, teatro, poes\u00eda y c\u00f3mic mostrar\u00e1n la evoluci\u00f3n de una literatura brasile\u00f1a cada vez menos regionalista y m\u00e1s cosmopolita. Adem\u00e1s del pa\u00eds sudamericano, estar\u00e1n presentes unos 50 pa\u00edses y las ciudades polacas de Cracovia y Breslavia, capital europea de la cultura en 2016.Entre los 3 mil autores presentes, cabe destacar a Lydie Salvayre, ganadora del Premio Goncourt 2014 por su novela sobre la guerra de Espa\u00f1a, &lsquo;No llorar&rsquo;. <\/p>\n<p>Asimismo acudir\u00e1 la belga Am\u00e9lie Nothomb, cuya obra se ha traducido a unos 40 idiomas en todo el mundo, el escritor franco-liban\u00e9s Amin Maalouf, y el gal\u00e9s Ken Follett, autor del best-seller &lsquo;Los pilares de la tierra&rsquo;. <\/p>\n<p>\u00a0 <\/p>\n","protected":false},"excerpt":{"rendered":"<p>Brasil es el invitado de honor del Sal\u00f3n del Libro <a href=\"https:\/\/sertv.gob.pa\/crisolfm\/brasil-invitado-de-honor-del-salon-del-libro-de-paris\/\"> [&#8230;]<\/a><\/p>\n","protected":false},"author":1,"featured_media":1939,"comment_status":"closed","ping_status":"closed","sticky":false,"template":"","format":"standard","meta":{"footnotes":""},"categories":[6],"tags":[],"class_list":["post-1938","post","type-post","status-publish","format-standard","has-post-thumbnail","hentry","category-culturales"],"_links":{"self":[{"href":"https:\/\/sertv.gob.pa\/crisolfm\/wp-json\/wp\/v2\/posts\/1938","targetHints":{"allow":["GET"]}}],"collection":[{"href":"https:\/\/sertv.gob.pa\/crisolfm\/wp-json\/wp\/v2\/posts"}],"about":[{"href":"https:\/\/sertv.gob.pa\/crisolfm\/wp-json\/wp\/v2\/types\/post"}],"author":[{"embeddable":true,"href":"https:\/\/sertv.gob.pa\/crisolfm\/wp-json\/wp\/v2\/users\/1"}],"replies":[{"embeddable":true,"href":"https:\/\/sertv.gob.pa\/crisolfm\/wp-json\/wp\/v2\/comments?post=1938"}],"version-history":[{"count":0,"href":"https:\/\/sertv.gob.pa\/crisolfm\/wp-json\/wp\/v2\/posts\/1938\/revisions"}],"wp:featuredmedia":[{"embeddable":true,"href":"https:\/\/sertv.gob.pa\/crisolfm\/wp-json\/wp\/v2\/media\/1939"}],"wp:attachment":[{"href":"https:\/\/sertv.gob.pa\/crisolfm\/wp-json\/wp\/v2\/media?parent=1938"}],"wp:term":[{"taxonomy":"category","embeddable":true,"href":"https:\/\/sertv.gob.pa\/crisolfm\/wp-json\/wp\/v2\/categories?post=1938"},{"taxonomy":"post_tag","embeddable":true,"href":"https:\/\/sertv.gob.pa\/crisolfm\/wp-json\/wp\/v2\/tags?post=1938"}],"curies":[{"name":"wp","href":"https:\/\/api.w.org\/{rel}","templated":true}]}}