{"id":19419,"date":"2019-04-22T13:49:49","date_gmt":"2019-04-22T13:49:49","guid":{"rendered":"https:\/\/sertv.gob.pa\/crisolfm\/?p=19419"},"modified":"2019-04-22T13:49:49","modified_gmt":"2019-04-22T13:49:49","slug":"hoy-dia-internacional-de-la-madre-tierra","status":"publish","type":"post","link":"https:\/\/sertv.gob.pa\/crisolfm\/hoy-dia-internacional-de-la-madre-tierra\/","title":{"rendered":"Hoy, D\u00eda Internacional de la Madre Tierra"},"content":{"rendered":"<p>La contaminaci\u00f3n del aire, oc\u00e9anos y r\u00edos, y la explotaci\u00f3n no sostenible de los recursos naturales, requieren de un giro dr\u00e1stico para evitar su agotamiento y la p\u00e9rdida de millones de vidas para mediados de este siglo, seg\u00fan el reporte Perspectivas del Medio Ambiente Mundial (GEO-6), publicado en Kenia durante la Asamblea de las Naciones Unidas para el Medio Ambiente.<\/p>\n<p>Elaborado por unos 250 cient\u00edficos y especialistas de m\u00e1s de 70 pa\u00edses en un periodo de cinco a\u00f1os, el reporte presenta el estado del planeta, cifras que ganan resonancia hoy, D\u00eda Internacional de la Madre Tierra.<\/p>\n<p>&nbsp;<\/p>\n<p>&nbsp;<\/p>\n<p>&nbsp;<\/p>\n","protected":false},"excerpt":{"rendered":"<p>La contaminaci\u00f3n del aire, oc\u00e9anos y r\u00edos, y la explotaci\u00f3n <a href=\"https:\/\/sertv.gob.pa\/crisolfm\/hoy-dia-internacional-de-la-madre-tierra\/\"> [&#8230;]<\/a><\/p>\n","protected":false},"author":64,"featured_media":19422,"comment_status":"closed","ping_status":"closed","sticky":false,"template":"","format":"standard","meta":{"footnotes":""},"categories":[7],"tags":[],"class_list":["post-19419","post","type-post","status-publish","format-standard","has-post-thumbnail","hentry","category-ecologicas"],"_links":{"self":[{"href":"https:\/\/sertv.gob.pa\/crisolfm\/wp-json\/wp\/v2\/posts\/19419","targetHints":{"allow":["GET"]}}],"collection":[{"href":"https:\/\/sertv.gob.pa\/crisolfm\/wp-json\/wp\/v2\/posts"}],"about":[{"href":"https:\/\/sertv.gob.pa\/crisolfm\/wp-json\/wp\/v2\/types\/post"}],"author":[{"embeddable":true,"href":"https:\/\/sertv.gob.pa\/crisolfm\/wp-json\/wp\/v2\/users\/64"}],"replies":[{"embeddable":true,"href":"https:\/\/sertv.gob.pa\/crisolfm\/wp-json\/wp\/v2\/comments?post=19419"}],"version-history":[{"count":1,"href":"https:\/\/sertv.gob.pa\/crisolfm\/wp-json\/wp\/v2\/posts\/19419\/revisions"}],"predecessor-version":[{"id":19423,"href":"https:\/\/sertv.gob.pa\/crisolfm\/wp-json\/wp\/v2\/posts\/19419\/revisions\/19423"}],"wp:featuredmedia":[{"embeddable":true,"href":"https:\/\/sertv.gob.pa\/crisolfm\/wp-json\/wp\/v2\/media\/19422"}],"wp:attachment":[{"href":"https:\/\/sertv.gob.pa\/crisolfm\/wp-json\/wp\/v2\/media?parent=19419"}],"wp:term":[{"taxonomy":"category","embeddable":true,"href":"https:\/\/sertv.gob.pa\/crisolfm\/wp-json\/wp\/v2\/categories?post=19419"},{"taxonomy":"post_tag","embeddable":true,"href":"https:\/\/sertv.gob.pa\/crisolfm\/wp-json\/wp\/v2\/tags?post=19419"}],"curies":[{"name":"wp","href":"https:\/\/api.w.org\/{rel}","templated":true}]}}