{"id":19424,"date":"2019-04-22T14:02:42","date_gmt":"2019-04-22T14:02:42","guid":{"rendered":"https:\/\/sertv.gob.pa\/crisolfm\/?p=19424"},"modified":"2019-04-22T14:02:42","modified_gmt":"2019-04-22T14:02:42","slug":"bailarines-istmenos-nos-representaran-en-festival-chileno","status":"publish","type":"post","link":"https:\/\/sertv.gob.pa\/crisolfm\/bailarines-istmenos-nos-representaran-en-festival-chileno\/","title":{"rendered":"Bailarines istme\u00f1os nos representar\u00e1n en festival chileno"},"content":{"rendered":"<p>Desde hace 12 a\u00f1os, el<strong> Festival Internacional de Teatro y Danza de Chile (Fintdaz)<\/strong> abre una convocatoria mundial para todo aquel colectivo que tenga la aspiraci\u00f3n de participar en este evento. La Compa\u00f1\u00eda Flamenco Panam\u00e1 les envi\u00f3 la propuesta a<strong> EnContraDos,<\/strong> un espect\u00e1culo que fusiona las artes esc\u00e9nicas, a cargo de los bailarines <strong>Paola Tamayo<\/strong> y <strong>Fabi\u00e1n Gonz\u00e1lez<\/strong>, y fue aceptado.<\/p>\n<p><strong>EnContraDos<\/strong>, creado en 2016, tendr\u00e1 tres presentaciones en el \u00e1mbito de este festival: el 9 de mayo, a las 12:00 p.m., en el Centro Cultural de Alto Hospicio; el 9 de mayo, a las 8:00 p.m., en el escenario principal ubicado en el puerto de Iquique; y el 10 de mayo, a las 7:00 p.m., en el Auditorio O\u2019Higgins de Pica. <strong>EnContraDos<\/strong> lo definen como una puesta en escena que fusiona el flamenco tradicional con rasgos contempor\u00e1neos.<\/p>\n<p>El Fintdaz se efectuar\u00e1 del 3 al 11 de mayo en la regi\u00f3n de Tarapac\u00e1, al norte de Chile, siendo su principal sede la ciudad de Iquique. En este encuentro se dar\u00e1n cita compa\u00f1\u00edas de Chile, M\u00e9xico, Argentina, Bolivia, Uruguay, Estados Unidos, Espa\u00f1a, Francia, Slovakia y Panam\u00e1.<\/p>\n<p>&nbsp;<\/p>\n","protected":false},"excerpt":{"rendered":"<p>Desde hace 12 a\u00f1os, el Festival Internacional de Teatro y <a href=\"https:\/\/sertv.gob.pa\/crisolfm\/bailarines-istmenos-nos-representaran-en-festival-chileno\/\"> [&#8230;]<\/a><\/p>\n","protected":false},"author":64,"featured_media":19426,"comment_status":"closed","ping_status":"closed","sticky":false,"template":"","format":"standard","meta":{"footnotes":""},"categories":[6],"tags":[],"class_list":["post-19424","post","type-post","status-publish","format-standard","has-post-thumbnail","hentry","category-culturales"],"_links":{"self":[{"href":"https:\/\/sertv.gob.pa\/crisolfm\/wp-json\/wp\/v2\/posts\/19424","targetHints":{"allow":["GET"]}}],"collection":[{"href":"https:\/\/sertv.gob.pa\/crisolfm\/wp-json\/wp\/v2\/posts"}],"about":[{"href":"https:\/\/sertv.gob.pa\/crisolfm\/wp-json\/wp\/v2\/types\/post"}],"author":[{"embeddable":true,"href":"https:\/\/sertv.gob.pa\/crisolfm\/wp-json\/wp\/v2\/users\/64"}],"replies":[{"embeddable":true,"href":"https:\/\/sertv.gob.pa\/crisolfm\/wp-json\/wp\/v2\/comments?post=19424"}],"version-history":[{"count":1,"href":"https:\/\/sertv.gob.pa\/crisolfm\/wp-json\/wp\/v2\/posts\/19424\/revisions"}],"predecessor-version":[{"id":19427,"href":"https:\/\/sertv.gob.pa\/crisolfm\/wp-json\/wp\/v2\/posts\/19424\/revisions\/19427"}],"wp:featuredmedia":[{"embeddable":true,"href":"https:\/\/sertv.gob.pa\/crisolfm\/wp-json\/wp\/v2\/media\/19426"}],"wp:attachment":[{"href":"https:\/\/sertv.gob.pa\/crisolfm\/wp-json\/wp\/v2\/media?parent=19424"}],"wp:term":[{"taxonomy":"category","embeddable":true,"href":"https:\/\/sertv.gob.pa\/crisolfm\/wp-json\/wp\/v2\/categories?post=19424"},{"taxonomy":"post_tag","embeddable":true,"href":"https:\/\/sertv.gob.pa\/crisolfm\/wp-json\/wp\/v2\/tags?post=19424"}],"curies":[{"name":"wp","href":"https:\/\/api.w.org\/{rel}","templated":true}]}}