{"id":19428,"date":"2019-04-22T14:21:13","date_gmt":"2019-04-22T14:21:13","guid":{"rendered":"https:\/\/sertv.gob.pa\/crisolfm\/?p=19428"},"modified":"2019-04-22T14:21:13","modified_gmt":"2019-04-22T14:21:13","slug":"el-ballet-nacional-se-presentara-en-el-teatro-balboa","status":"publish","type":"post","link":"https:\/\/sertv.gob.pa\/crisolfm\/el-ballet-nacional-se-presentara-en-el-teatro-balboa\/","title":{"rendered":"El Ballet Nacional se presentar\u00e1 en el Teatro Balboa"},"content":{"rendered":"<p>Para celebrar el <strong>D\u00eda Internacional de la Danza<\/strong>, que fue una idea de la\u00a0<a href=\"https:\/\/www.prensa.com\/tema\/unesco\/\" target=\"_blank\" rel=\"noopener\">Unesco<\/a> que se instaur\u00f3 en 1982, el<strong> Ballet Nacional<\/strong> del\u00a0<a href=\"https:\/\/www.prensa.com\/tema\/inac_-instituto_nacional_de_cultura\/\" target=\"_blank\" rel=\"noopener\">Instituto Nacional de Cultura (INAC)<\/a> se presentar\u00e1 este jueves 25 de abril, a las 8:00 p.m., en el Teatro Balboa. Se adopt\u00f3 el 29 de abril de cada a\u00f1o llevar a cabo el D\u00eda Internacional de la Danza, para celebrar y fomentar la participaci\u00f3n y educaci\u00f3n sobre el arte de la danza.<\/p>\n<p>La gala, de entrada libre y para todo p\u00fablico, tendr\u00e1 como centro la <em>suite<\/em><strong> Copelia.<\/strong> Los roles protag\u00f3nicos recaer\u00e1n en los bailarines<strong> Manuela Navarro <\/strong>e<strong> Ibrain Espinoza<\/strong>, m\u00e1s todo el elenco del Ballet Nacional, con sus 30 bailarines, quienes ofrecer\u00e1n lo mejor de sus talentos a los asistentes.<\/p>\n<p>Gloria Barrios, quien ejerce la direcci\u00f3n ejecutiva del Ballet Nacional, explica que la <em>suite<\/em><strong> Copelia<\/strong> est\u00e1 compuesta por extractos del<em> ballet<\/em> completo, que tiene 3 actos. \u201cEs una pieza de <em>ballet<\/em> muy famosa internacionalmente, y que por tener una trama divertida, es muy f\u00e1cil de que el espectador la disfrute. Es la historia de una chica que se disfraza de una mu\u00f1eca creada por un inventor loco, que a su vez cree que su mu\u00f1eca ha cobrado vida\u201d.<\/p>\n<p>&nbsp;<\/p>\n","protected":false},"excerpt":{"rendered":"<p>Para celebrar el D\u00eda Internacional de la Danza, que fue <a href=\"https:\/\/sertv.gob.pa\/crisolfm\/el-ballet-nacional-se-presentara-en-el-teatro-balboa\/\"> [&#8230;]<\/a><\/p>\n","protected":false},"author":64,"featured_media":19430,"comment_status":"closed","ping_status":"closed","sticky":false,"template":"","format":"standard","meta":{"footnotes":""},"categories":[6],"tags":[],"class_list":["post-19428","post","type-post","status-publish","format-standard","has-post-thumbnail","hentry","category-culturales"],"_links":{"self":[{"href":"https:\/\/sertv.gob.pa\/crisolfm\/wp-json\/wp\/v2\/posts\/19428","targetHints":{"allow":["GET"]}}],"collection":[{"href":"https:\/\/sertv.gob.pa\/crisolfm\/wp-json\/wp\/v2\/posts"}],"about":[{"href":"https:\/\/sertv.gob.pa\/crisolfm\/wp-json\/wp\/v2\/types\/post"}],"author":[{"embeddable":true,"href":"https:\/\/sertv.gob.pa\/crisolfm\/wp-json\/wp\/v2\/users\/64"}],"replies":[{"embeddable":true,"href":"https:\/\/sertv.gob.pa\/crisolfm\/wp-json\/wp\/v2\/comments?post=19428"}],"version-history":[{"count":1,"href":"https:\/\/sertv.gob.pa\/crisolfm\/wp-json\/wp\/v2\/posts\/19428\/revisions"}],"predecessor-version":[{"id":19431,"href":"https:\/\/sertv.gob.pa\/crisolfm\/wp-json\/wp\/v2\/posts\/19428\/revisions\/19431"}],"wp:featuredmedia":[{"embeddable":true,"href":"https:\/\/sertv.gob.pa\/crisolfm\/wp-json\/wp\/v2\/media\/19430"}],"wp:attachment":[{"href":"https:\/\/sertv.gob.pa\/crisolfm\/wp-json\/wp\/v2\/media?parent=19428"}],"wp:term":[{"taxonomy":"category","embeddable":true,"href":"https:\/\/sertv.gob.pa\/crisolfm\/wp-json\/wp\/v2\/categories?post=19428"},{"taxonomy":"post_tag","embeddable":true,"href":"https:\/\/sertv.gob.pa\/crisolfm\/wp-json\/wp\/v2\/tags?post=19428"}],"curies":[{"name":"wp","href":"https:\/\/api.w.org\/{rel}","templated":true}]}}