{"id":19436,"date":"2019-04-22T14:50:39","date_gmt":"2019-04-22T14:50:39","guid":{"rendered":"https:\/\/sertv.gob.pa\/crisolfm\/?p=19436"},"modified":"2019-04-22T14:50:39","modified_gmt":"2019-04-22T14:50:39","slug":"atenas-instala-su-primera-estatua-de-alejandro-magno","status":"publish","type":"post","link":"https:\/\/sertv.gob.pa\/crisolfm\/atenas-instala-su-primera-estatua-de-alejandro-magno\/","title":{"rendered":"Atenas instala su primera estatua de Alejandro Magno"},"content":{"rendered":"<p>Atenas instal\u00f3 su primera estatua de Alejandro Magno, un proyecto que databa de los a\u00f1os 1990, pero que estaba perdido desde entonces en los meandros de la burocracia. Esta estatua ecuestre de bronce de un joven Alejandro, de 3,50 metros de alto, fue colocada en una avenida del centro de Atenas frente a una estatua de Lord Byron. Seg\u00fan el ayuntamiento, la estatua fue terminada en 1972 y adquirida por el Estado griego 20 a\u00f1os despu\u00e9s, en un momento en el que los sentimientos estaban particularmente exacerbados ante la reivindicaci\u00f3n del nombre de Macedonia por parte de la exrep\u00fablica yugoslava recientemente independizada.<\/p>\n<p>El alcalde de Atenas, Giorgos Kaminis, insisti\u00f3 en que esta decisi\u00f3n no ten\u00eda \u00abnada que ver\u00bb con la disputa sobre el nombre de Macedonia.\u00a0\u00abLa decisi\u00f3n de erigir la estatua se tom\u00f3 en 2015. Esto es simplemente un ejemplo de los retrasos de la burocracia griega\u00bb, declar\u00f3 a la AFP.\u00a0Las autoridades tambi\u00e9n tardaron d\u00e9cadas en ponerse de acuerdo sobre d\u00f3nde ponerla.<\/p>\n<p>&nbsp;<\/p>\n<p>&nbsp;<\/p>\n","protected":false},"excerpt":{"rendered":"<p>Atenas instal\u00f3 su primera estatua de Alejandro Magno, un proyecto <a href=\"https:\/\/sertv.gob.pa\/crisolfm\/atenas-instala-su-primera-estatua-de-alejandro-magno\/\"> [&#8230;]<\/a><\/p>\n","protected":false},"author":64,"featured_media":19438,"comment_status":"closed","ping_status":"closed","sticky":false,"template":"","format":"standard","meta":{"footnotes":""},"categories":[6],"tags":[],"class_list":["post-19436","post","type-post","status-publish","format-standard","has-post-thumbnail","hentry","category-culturales"],"_links":{"self":[{"href":"https:\/\/sertv.gob.pa\/crisolfm\/wp-json\/wp\/v2\/posts\/19436","targetHints":{"allow":["GET"]}}],"collection":[{"href":"https:\/\/sertv.gob.pa\/crisolfm\/wp-json\/wp\/v2\/posts"}],"about":[{"href":"https:\/\/sertv.gob.pa\/crisolfm\/wp-json\/wp\/v2\/types\/post"}],"author":[{"embeddable":true,"href":"https:\/\/sertv.gob.pa\/crisolfm\/wp-json\/wp\/v2\/users\/64"}],"replies":[{"embeddable":true,"href":"https:\/\/sertv.gob.pa\/crisolfm\/wp-json\/wp\/v2\/comments?post=19436"}],"version-history":[{"count":1,"href":"https:\/\/sertv.gob.pa\/crisolfm\/wp-json\/wp\/v2\/posts\/19436\/revisions"}],"predecessor-version":[{"id":19439,"href":"https:\/\/sertv.gob.pa\/crisolfm\/wp-json\/wp\/v2\/posts\/19436\/revisions\/19439"}],"wp:featuredmedia":[{"embeddable":true,"href":"https:\/\/sertv.gob.pa\/crisolfm\/wp-json\/wp\/v2\/media\/19438"}],"wp:attachment":[{"href":"https:\/\/sertv.gob.pa\/crisolfm\/wp-json\/wp\/v2\/media?parent=19436"}],"wp:term":[{"taxonomy":"category","embeddable":true,"href":"https:\/\/sertv.gob.pa\/crisolfm\/wp-json\/wp\/v2\/categories?post=19436"},{"taxonomy":"post_tag","embeddable":true,"href":"https:\/\/sertv.gob.pa\/crisolfm\/wp-json\/wp\/v2\/tags?post=19436"}],"curies":[{"name":"wp","href":"https:\/\/api.w.org\/{rel}","templated":true}]}}