{"id":19440,"date":"2019-04-22T14:55:22","date_gmt":"2019-04-22T14:55:22","guid":{"rendered":"https:\/\/sertv.gob.pa\/crisolfm\/?p=19440"},"modified":"2019-04-22T14:55:22","modified_gmt":"2019-04-22T14:55:22","slug":"el-escritor-frances-michel-houellebecq-recibe-la-legion-de-honor","status":"publish","type":"post","link":"https:\/\/sertv.gob.pa\/crisolfm\/el-escritor-frances-michel-houellebecq-recibe-la-legion-de-honor\/","title":{"rendered":"El escritor franc\u00e9s Michel Houellebecq recibe la Legi\u00f3n de Honor"},"content":{"rendered":"<p style=\"text-align: justify\">El presidente franc\u00e9s, Emmanuel Macron, entreg\u00f3 al escritor Michel Houellebecq la Legi\u00f3n de Honor durante una ceremonia en el Palacio del El\u00edseo, indic\u00f3 la presidencia. Houellebecq, el autor franc\u00e9s contempor\u00e1neo m\u00e1s le\u00eddo en el extranjero, figuraba en la lista de los condecorados del 1 de enero, en la categor\u00eda de Caballero.<\/p>\n<p style=\"text-align: justify\">Entre los invitados figuraban el expresidente franc\u00e9s Nicolas Sarkozy, as\u00ed como el cantante Jean-Louis Aubert, amigo del escritor. El novelista, de 63 a\u00f1os, uno de los autores franceses m\u00e1s traducidos en todo el mundo, triunfa actualmente en las librer\u00edas con su \u00faltima obra, \u00abSerotonina\u00bb.<\/p>\n<p>AFP<\/p>\n","protected":false},"excerpt":{"rendered":"<p>El presidente franc\u00e9s, Emmanuel Macron, entreg\u00f3 al escritor Michel Houellebecq <a href=\"https:\/\/sertv.gob.pa\/crisolfm\/el-escritor-frances-michel-houellebecq-recibe-la-legion-de-honor\/\"> [&#8230;]<\/a><\/p>\n","protected":false},"author":64,"featured_media":19442,"comment_status":"closed","ping_status":"closed","sticky":false,"template":"","format":"standard","meta":{"footnotes":""},"categories":[6],"tags":[],"class_list":["post-19440","post","type-post","status-publish","format-standard","has-post-thumbnail","hentry","category-culturales"],"_links":{"self":[{"href":"https:\/\/sertv.gob.pa\/crisolfm\/wp-json\/wp\/v2\/posts\/19440","targetHints":{"allow":["GET"]}}],"collection":[{"href":"https:\/\/sertv.gob.pa\/crisolfm\/wp-json\/wp\/v2\/posts"}],"about":[{"href":"https:\/\/sertv.gob.pa\/crisolfm\/wp-json\/wp\/v2\/types\/post"}],"author":[{"embeddable":true,"href":"https:\/\/sertv.gob.pa\/crisolfm\/wp-json\/wp\/v2\/users\/64"}],"replies":[{"embeddable":true,"href":"https:\/\/sertv.gob.pa\/crisolfm\/wp-json\/wp\/v2\/comments?post=19440"}],"version-history":[{"count":1,"href":"https:\/\/sertv.gob.pa\/crisolfm\/wp-json\/wp\/v2\/posts\/19440\/revisions"}],"predecessor-version":[{"id":19443,"href":"https:\/\/sertv.gob.pa\/crisolfm\/wp-json\/wp\/v2\/posts\/19440\/revisions\/19443"}],"wp:featuredmedia":[{"embeddable":true,"href":"https:\/\/sertv.gob.pa\/crisolfm\/wp-json\/wp\/v2\/media\/19442"}],"wp:attachment":[{"href":"https:\/\/sertv.gob.pa\/crisolfm\/wp-json\/wp\/v2\/media?parent=19440"}],"wp:term":[{"taxonomy":"category","embeddable":true,"href":"https:\/\/sertv.gob.pa\/crisolfm\/wp-json\/wp\/v2\/categories?post=19440"},{"taxonomy":"post_tag","embeddable":true,"href":"https:\/\/sertv.gob.pa\/crisolfm\/wp-json\/wp\/v2\/tags?post=19440"}],"curies":[{"name":"wp","href":"https:\/\/api.w.org\/{rel}","templated":true}]}}