{"id":19461,"date":"2019-04-29T13:29:49","date_gmt":"2019-04-29T13:29:49","guid":{"rendered":"https:\/\/sertv.gob.pa\/crisolfm\/?p=19461"},"modified":"2019-04-29T13:29:49","modified_gmt":"2019-04-29T13:29:49","slug":"en-costa-rica-escritores-se-reunen-para-la-fiesta-literaria","status":"publish","type":"post","link":"https:\/\/sertv.gob.pa\/crisolfm\/en-costa-rica-escritores-se-reunen-para-la-fiesta-literaria\/","title":{"rendered":"En Costa Rica escritores se re\u00fanen para la fiesta literaria"},"content":{"rendered":"<p>La Feria Internacional del Libro de Costa Rica (Filcr2019) se realizar\u00e1 este a\u00f1o del 10 al 19 de mayo de 2019 en la ciudad de San Jos\u00e9. Este a\u00f1o, adem\u00e1s de las actividades que la han caracterizado, se encuentra como invitado especial el festival literario Centroam\u00e9rica Cuenta, que se desarrollar\u00e1 del 13 al 17 de mayo. Entre los invitados de esta sexta edici\u00f3n del festival, la cual es adem\u00e1s la primera vez que se celebra fuera de su natal Nicaragua, se encuentran \u00c1ngeles Mastretta, Joselo Rangel (guitarrista de Caf\u00e9 Tacvba) y Guillermo Arriaga, entre otros, as\u00ed como los centroamericanos Gioconda Belli, Horacio Castellanos Moya y Rodrigo Fuentes, por mencionar algunos, y por parte de Panam\u00e1 estar\u00e1n los poetas H\u00e9ctor Collado y Consuelo Tom\u00e1s y el periodista cultural Daniel Dom\u00ednguez Z.<\/p>\n<p>Dentro de las din\u00e1micas que se tienen planeadas est\u00e1n los conversatorios con los invitados, habr\u00e1 talleres formativos, presentaciones de libros y dem\u00e1s actividades, que se unir\u00e1n con los espacios feriales y programaci\u00f3n de la Filcr2019. Durante la inauguraci\u00f3n del festival, se entregar\u00e1 el VII Premio Centroamericano Car\u00e1tula de Cuento Breve 2019. Entre las plumas que han sido galardonadas con este reconocimiento se encuentran la paname\u00f1a Berly N\u00fa\u00f1ez (2016), con el cuento Cuesti\u00f3n de fe; la guatemalteca Andrea Morales, con el cuento El p\u00e1jaro de fuego (2017) y el salvadore\u00f1o Alejandro C\u00f3rdova Men\u00e9ndez, con el cuento Lugares comunes (2018).<\/p>\n<p>&nbsp;<\/p>\n<p>&nbsp;<\/p>\n<p>&nbsp;<\/p>\n<p>&nbsp;<\/p>\n","protected":false},"excerpt":{"rendered":"<p>La Feria Internacional del Libro de Costa Rica (Filcr2019) se <a href=\"https:\/\/sertv.gob.pa\/crisolfm\/en-costa-rica-escritores-se-reunen-para-la-fiesta-literaria\/\"> [&#8230;]<\/a><\/p>\n","protected":false},"author":64,"featured_media":19462,"comment_status":"closed","ping_status":"closed","sticky":false,"template":"","format":"standard","meta":{"footnotes":""},"categories":[6],"tags":[],"class_list":["post-19461","post","type-post","status-publish","format-standard","has-post-thumbnail","hentry","category-culturales"],"_links":{"self":[{"href":"https:\/\/sertv.gob.pa\/crisolfm\/wp-json\/wp\/v2\/posts\/19461","targetHints":{"allow":["GET"]}}],"collection":[{"href":"https:\/\/sertv.gob.pa\/crisolfm\/wp-json\/wp\/v2\/posts"}],"about":[{"href":"https:\/\/sertv.gob.pa\/crisolfm\/wp-json\/wp\/v2\/types\/post"}],"author":[{"embeddable":true,"href":"https:\/\/sertv.gob.pa\/crisolfm\/wp-json\/wp\/v2\/users\/64"}],"replies":[{"embeddable":true,"href":"https:\/\/sertv.gob.pa\/crisolfm\/wp-json\/wp\/v2\/comments?post=19461"}],"version-history":[{"count":1,"href":"https:\/\/sertv.gob.pa\/crisolfm\/wp-json\/wp\/v2\/posts\/19461\/revisions"}],"predecessor-version":[{"id":19463,"href":"https:\/\/sertv.gob.pa\/crisolfm\/wp-json\/wp\/v2\/posts\/19461\/revisions\/19463"}],"wp:featuredmedia":[{"embeddable":true,"href":"https:\/\/sertv.gob.pa\/crisolfm\/wp-json\/wp\/v2\/media\/19462"}],"wp:attachment":[{"href":"https:\/\/sertv.gob.pa\/crisolfm\/wp-json\/wp\/v2\/media?parent=19461"}],"wp:term":[{"taxonomy":"category","embeddable":true,"href":"https:\/\/sertv.gob.pa\/crisolfm\/wp-json\/wp\/v2\/categories?post=19461"},{"taxonomy":"post_tag","embeddable":true,"href":"https:\/\/sertv.gob.pa\/crisolfm\/wp-json\/wp\/v2\/tags?post=19461"}],"curies":[{"name":"wp","href":"https:\/\/api.w.org\/{rel}","templated":true}]}}