{"id":19467,"date":"2019-04-29T13:41:54","date_gmt":"2019-04-29T13:41:54","guid":{"rendered":"https:\/\/sertv.gob.pa\/crisolfm\/?p=19467"},"modified":"2019-04-29T13:41:54","modified_gmt":"2019-04-29T13:41:54","slug":"en-monaco-un-busto-de-antonio-canova-es-vendido-por-2-7-millones","status":"publish","type":"post","link":"https:\/\/sertv.gob.pa\/crisolfm\/en-monaco-un-busto-de-antonio-canova-es-vendido-por-2-7-millones\/","title":{"rendered":"En M\u00f3naco un busto de Antonio Canova es vendido por $2.7 millones"},"content":{"rendered":"<p>Un busto del escultor italiano Antonio Canova, maestro del neoclasicismo, se vendi\u00f3 por 2.5 millones de euros ($2.7 millones) el s\u00e1bado en M\u00f3naco durante una venta que gener\u00f3 en total casi 3.5 millones de euros ($3.9 millones), anunci\u00f3 la casa de subastas de Montecarlo. Este busto de m\u00e1rmol de unos 40 cent\u00edmetros de alto representa Lucrecia de Este, nieta del rey Luis XII de Francia y de Ana de Breta\u00f1a, que vivi\u00f3 en el siglo XVI. Valorado entre 2 y 2.5 millones de euros, el busto tuvo un precio de salida de 1.5 millones.<\/p>\n<p>\u00abFue adquirido por un aficionado brit\u00e1nico vinculado a M\u00f3naco\u00bb, dijo Franck Baille, el presidente de la casa de subastas H\u00f4tel des Ventes de Montecarlo, que se\u00f1al\u00f3 que este busto se inscribe para Canaova \u00aben un esp\u00edritu de trabajo inspirado en la belleza ideal\u00bb.<\/p>\n<p>&nbsp;<\/p>\n<p>AFP<\/p>\n","protected":false},"excerpt":{"rendered":"<p>Un busto del escultor italiano Antonio Canova, maestro del neoclasicismo, <a href=\"https:\/\/sertv.gob.pa\/crisolfm\/en-monaco-un-busto-de-antonio-canova-es-vendido-por-2-7-millones\/\"> [&#8230;]<\/a><\/p>\n","protected":false},"author":64,"featured_media":19468,"comment_status":"closed","ping_status":"closed","sticky":false,"template":"","format":"standard","meta":{"footnotes":""},"categories":[6],"tags":[],"class_list":["post-19467","post","type-post","status-publish","format-standard","has-post-thumbnail","hentry","category-culturales"],"_links":{"self":[{"href":"https:\/\/sertv.gob.pa\/crisolfm\/wp-json\/wp\/v2\/posts\/19467","targetHints":{"allow":["GET"]}}],"collection":[{"href":"https:\/\/sertv.gob.pa\/crisolfm\/wp-json\/wp\/v2\/posts"}],"about":[{"href":"https:\/\/sertv.gob.pa\/crisolfm\/wp-json\/wp\/v2\/types\/post"}],"author":[{"embeddable":true,"href":"https:\/\/sertv.gob.pa\/crisolfm\/wp-json\/wp\/v2\/users\/64"}],"replies":[{"embeddable":true,"href":"https:\/\/sertv.gob.pa\/crisolfm\/wp-json\/wp\/v2\/comments?post=19467"}],"version-history":[{"count":1,"href":"https:\/\/sertv.gob.pa\/crisolfm\/wp-json\/wp\/v2\/posts\/19467\/revisions"}],"predecessor-version":[{"id":19469,"href":"https:\/\/sertv.gob.pa\/crisolfm\/wp-json\/wp\/v2\/posts\/19467\/revisions\/19469"}],"wp:featuredmedia":[{"embeddable":true,"href":"https:\/\/sertv.gob.pa\/crisolfm\/wp-json\/wp\/v2\/media\/19468"}],"wp:attachment":[{"href":"https:\/\/sertv.gob.pa\/crisolfm\/wp-json\/wp\/v2\/media?parent=19467"}],"wp:term":[{"taxonomy":"category","embeddable":true,"href":"https:\/\/sertv.gob.pa\/crisolfm\/wp-json\/wp\/v2\/categories?post=19467"},{"taxonomy":"post_tag","embeddable":true,"href":"https:\/\/sertv.gob.pa\/crisolfm\/wp-json\/wp\/v2\/tags?post=19467"}],"curies":[{"name":"wp","href":"https:\/\/api.w.org\/{rel}","templated":true}]}}