{"id":19473,"date":"2019-04-29T13:56:00","date_gmt":"2019-04-29T13:56:00","guid":{"rendered":"https:\/\/sertv.gob.pa\/crisolfm\/?p=19473"},"modified":"2019-04-29T13:56:00","modified_gmt":"2019-04-29T13:56:00","slug":"el-jazz-celebra-la-diversidad-con-la-conmemoracion-de-su-dia-internacional","status":"publish","type":"post","link":"https:\/\/sertv.gob.pa\/crisolfm\/el-jazz-celebra-la-diversidad-con-la-conmemoracion-de-su-dia-internacional\/","title":{"rendered":"El \u2018jazz\u2019 celebra la diversidad con la conmemoraci\u00f3n de su d\u00eda internacional"},"content":{"rendered":"<p>El jazz ser\u00e1 festejado ma\u00f1ana 30 de abril con la conmemoraci\u00f3n de su d\u00eda internacional. Para conmemorar esta fecha, la Organizaci\u00f3n de las Naciones Unidas para la Educaci\u00f3n, la Cultura y la Ciencia (Unesco) transmitir\u00e1 a trav\u00e9s de su canal de YouTube un concierto denominado All-Star Global Concert, que se celebrar\u00e1 en la ciudad australiana de Melbourne a las 10:00 a.m., hora de Panam\u00e1.<\/p>\n<p>Uno de los artistas m\u00e1s destacados que participar\u00e1 de este evento musical ser\u00e1 el afamado pianista Herbie Hancock, uno de los primeros en hacer campa\u00f1a por el D\u00eda Internacional del Jazz, hasta su proclamaci\u00f3n final en 2011 por parte del organismo. Lo acompa\u00f1ar\u00e1n en el espect\u00e1culo la cantante estadounidense Dee Dee Bridgewater y el trompetista australiano James Morrison.<\/p>\n<p>&nbsp;<\/p>\n<p>&nbsp;<\/p>\n","protected":false},"excerpt":{"rendered":"<p>El jazz ser\u00e1 festejado ma\u00f1ana 30 de abril con la <a href=\"https:\/\/sertv.gob.pa\/crisolfm\/el-jazz-celebra-la-diversidad-con-la-conmemoracion-de-su-dia-internacional\/\"> [&#8230;]<\/a><\/p>\n","protected":false},"author":64,"featured_media":19474,"comment_status":"closed","ping_status":"closed","sticky":false,"template":"","format":"standard","meta":{"footnotes":""},"categories":[6],"tags":[],"class_list":["post-19473","post","type-post","status-publish","format-standard","has-post-thumbnail","hentry","category-culturales"],"_links":{"self":[{"href":"https:\/\/sertv.gob.pa\/crisolfm\/wp-json\/wp\/v2\/posts\/19473","targetHints":{"allow":["GET"]}}],"collection":[{"href":"https:\/\/sertv.gob.pa\/crisolfm\/wp-json\/wp\/v2\/posts"}],"about":[{"href":"https:\/\/sertv.gob.pa\/crisolfm\/wp-json\/wp\/v2\/types\/post"}],"author":[{"embeddable":true,"href":"https:\/\/sertv.gob.pa\/crisolfm\/wp-json\/wp\/v2\/users\/64"}],"replies":[{"embeddable":true,"href":"https:\/\/sertv.gob.pa\/crisolfm\/wp-json\/wp\/v2\/comments?post=19473"}],"version-history":[{"count":1,"href":"https:\/\/sertv.gob.pa\/crisolfm\/wp-json\/wp\/v2\/posts\/19473\/revisions"}],"predecessor-version":[{"id":19475,"href":"https:\/\/sertv.gob.pa\/crisolfm\/wp-json\/wp\/v2\/posts\/19473\/revisions\/19475"}],"wp:featuredmedia":[{"embeddable":true,"href":"https:\/\/sertv.gob.pa\/crisolfm\/wp-json\/wp\/v2\/media\/19474"}],"wp:attachment":[{"href":"https:\/\/sertv.gob.pa\/crisolfm\/wp-json\/wp\/v2\/media?parent=19473"}],"wp:term":[{"taxonomy":"category","embeddable":true,"href":"https:\/\/sertv.gob.pa\/crisolfm\/wp-json\/wp\/v2\/categories?post=19473"},{"taxonomy":"post_tag","embeddable":true,"href":"https:\/\/sertv.gob.pa\/crisolfm\/wp-json\/wp\/v2\/tags?post=19473"}],"curies":[{"name":"wp","href":"https:\/\/api.w.org\/{rel}","templated":true}]}}