{"id":19482,"date":"2019-04-29T14:43:49","date_gmt":"2019-04-29T14:43:49","guid":{"rendered":"https:\/\/sertv.gob.pa\/crisolfm\/?p=19482"},"modified":"2019-04-29T14:43:49","modified_gmt":"2019-04-29T14:43:49","slug":"50-millones-contra-el-cambio-climatico","status":"publish","type":"post","link":"https:\/\/sertv.gob.pa\/crisolfm\/50-millones-contra-el-cambio-climatico\/","title":{"rendered":"50 millones contra el cambio clim\u00e1tico"},"content":{"rendered":"<p>El Consejo de Ministros ha aprobado la creaci\u00f3n de una nueva l\u00ednea de financiaci\u00f3n reembolsable para proyectos que contribuyan a <strong>la lucha contra el cambio clim\u00e1tico<\/strong> y que estar\u00e1 dotada con hasta 50 millones de euros. La nueva l\u00ednea que tiene condiciones comerciales OCDE contribuir\u00e1 a los compromisos asumidos por Espa\u00f1a para <em>la financiaci\u00f3n clim\u00e1tica <\/em>con hasta 50 millones de euros con cargo al Fondo para la Internacionalizaci\u00f3n de la Empresa (FIEM), la L\u00ednea ECOFIEM.<\/p>\n<p>La propuesta parti\u00f3 de la Secretar\u00eda de Estado de Comercio en colaboraci\u00f3n con el Ministerio para la Transici\u00f3n Ecol\u00f3gica, que plante\u00f3 crear una l\u00ednea de financiaci\u00f3n del sector clim\u00e1tico y del medioambiente para promover la internacionalizaci\u00f3n de las empresas espa\u00f1olas en este \u00e1mbito. La l\u00ednea se orienta a financiar proyectos que contribuyan a <strong>la lucha contra el cambio clim\u00e1tico<\/strong> tanto en mitigaci\u00f3n, es decir, proyectos de reducci\u00f3n de emisiones de gases de efecto invernadero y proyectos que promueven la adaptaci\u00f3n a los impactos del cambio clim\u00e1tico.<\/p>\n<p>La l\u00ednea contribuir\u00e1 a los compromisos de Espa\u00f1a en el marco de<em> la Convenci\u00f3n Marco de Naciones Unidas sobre Cambio Clim\u00e1tico<\/em> y el Acuerdo de Par\u00eds, cuando las actuaciones financiadas se dirijan a pa\u00edses en desarrollo. En concreto, a partir de 2020 a Espa\u00f1a le corresponden movilizar 900 millones de euros anuales, el doble de los niveles de financiaci\u00f3n clim\u00e1tica de Espa\u00f1a en 2014.<\/p>\n<p>ECOticias<\/p>\n","protected":false},"excerpt":{"rendered":"<p>El Consejo de Ministros ha aprobado la creaci\u00f3n de una <a href=\"https:\/\/sertv.gob.pa\/crisolfm\/50-millones-contra-el-cambio-climatico\/\"> [&#8230;]<\/a><\/p>\n","protected":false},"author":64,"featured_media":19483,"comment_status":"closed","ping_status":"closed","sticky":false,"template":"","format":"standard","meta":{"footnotes":""},"categories":[7],"tags":[],"class_list":["post-19482","post","type-post","status-publish","format-standard","has-post-thumbnail","hentry","category-ecologicas"],"_links":{"self":[{"href":"https:\/\/sertv.gob.pa\/crisolfm\/wp-json\/wp\/v2\/posts\/19482","targetHints":{"allow":["GET"]}}],"collection":[{"href":"https:\/\/sertv.gob.pa\/crisolfm\/wp-json\/wp\/v2\/posts"}],"about":[{"href":"https:\/\/sertv.gob.pa\/crisolfm\/wp-json\/wp\/v2\/types\/post"}],"author":[{"embeddable":true,"href":"https:\/\/sertv.gob.pa\/crisolfm\/wp-json\/wp\/v2\/users\/64"}],"replies":[{"embeddable":true,"href":"https:\/\/sertv.gob.pa\/crisolfm\/wp-json\/wp\/v2\/comments?post=19482"}],"version-history":[{"count":1,"href":"https:\/\/sertv.gob.pa\/crisolfm\/wp-json\/wp\/v2\/posts\/19482\/revisions"}],"predecessor-version":[{"id":19484,"href":"https:\/\/sertv.gob.pa\/crisolfm\/wp-json\/wp\/v2\/posts\/19482\/revisions\/19484"}],"wp:featuredmedia":[{"embeddable":true,"href":"https:\/\/sertv.gob.pa\/crisolfm\/wp-json\/wp\/v2\/media\/19483"}],"wp:attachment":[{"href":"https:\/\/sertv.gob.pa\/crisolfm\/wp-json\/wp\/v2\/media?parent=19482"}],"wp:term":[{"taxonomy":"category","embeddable":true,"href":"https:\/\/sertv.gob.pa\/crisolfm\/wp-json\/wp\/v2\/categories?post=19482"},{"taxonomy":"post_tag","embeddable":true,"href":"https:\/\/sertv.gob.pa\/crisolfm\/wp-json\/wp\/v2\/tags?post=19482"}],"curies":[{"name":"wp","href":"https:\/\/api.w.org\/{rel}","templated":true}]}}