{"id":19485,"date":"2019-04-29T14:51:17","date_gmt":"2019-04-29T14:51:17","guid":{"rendered":"https:\/\/sertv.gob.pa\/crisolfm\/?p=19485"},"modified":"2019-04-29T14:51:17","modified_gmt":"2019-04-29T14:51:17","slug":"la-biodiversidad-mundial-sera-evaluada-por-expertos-en-paris","status":"publish","type":"post","link":"https:\/\/sertv.gob.pa\/crisolfm\/la-biodiversidad-mundial-sera-evaluada-por-expertos-en-paris\/","title":{"rendered":"La biodiversidad mundial ser\u00e1 evaluada por expertos en Par\u00eds"},"content":{"rendered":"<p><strong>El estado de la biodiversidad mundial<\/strong> ser\u00e1 el tema central de un debate en el que participar\u00e1n m\u00e1s de un centenar de expertos internacionales de m\u00e1s de 130 pa\u00edses. Se trata del Panel Intergubernamental sobre Diversidad Biol\u00f3gica y Servicios de los Ecosistemas (IPBES, por sus siglas en ingl\u00e9s), que esta edici\u00f3n se celebra en la capital francesa durante cinco d\u00edas, del 29 de abril al 4 de mayo. El debate se centrar\u00e1 en las evaluaciones realizadas por m\u00e1s de 450 expertos para ilustrar <strong>el estado de la biodiversidad.<\/strong><\/p>\n<p>Como resultado, el lunes 6 de mayo se presentar\u00e1 el informe sobre la Evaluaci\u00f3n Global de la Biodiversidad y los Servicios Ecosist\u00e9micos. Adem\u00e1s de proporcionar informaci\u00f3n clave sobre el estado actual de <em>la biodiversidad mundial<\/em>, este documento incluye las medidas y acciones m\u00e1s adecuadas que se deben tomar durante la pr\u00f3xima d\u00e9cada.<\/p>\n<p>ECOticias<\/p>\n","protected":false},"excerpt":{"rendered":"<p>El estado de la biodiversidad mundial ser\u00e1 el tema central <a href=\"https:\/\/sertv.gob.pa\/crisolfm\/la-biodiversidad-mundial-sera-evaluada-por-expertos-en-paris\/\"> [&#8230;]<\/a><\/p>\n","protected":false},"author":64,"featured_media":19486,"comment_status":"closed","ping_status":"closed","sticky":false,"template":"","format":"standard","meta":{"footnotes":""},"categories":[7],"tags":[],"class_list":["post-19485","post","type-post","status-publish","format-standard","has-post-thumbnail","hentry","category-ecologicas"],"_links":{"self":[{"href":"https:\/\/sertv.gob.pa\/crisolfm\/wp-json\/wp\/v2\/posts\/19485","targetHints":{"allow":["GET"]}}],"collection":[{"href":"https:\/\/sertv.gob.pa\/crisolfm\/wp-json\/wp\/v2\/posts"}],"about":[{"href":"https:\/\/sertv.gob.pa\/crisolfm\/wp-json\/wp\/v2\/types\/post"}],"author":[{"embeddable":true,"href":"https:\/\/sertv.gob.pa\/crisolfm\/wp-json\/wp\/v2\/users\/64"}],"replies":[{"embeddable":true,"href":"https:\/\/sertv.gob.pa\/crisolfm\/wp-json\/wp\/v2\/comments?post=19485"}],"version-history":[{"count":1,"href":"https:\/\/sertv.gob.pa\/crisolfm\/wp-json\/wp\/v2\/posts\/19485\/revisions"}],"predecessor-version":[{"id":19487,"href":"https:\/\/sertv.gob.pa\/crisolfm\/wp-json\/wp\/v2\/posts\/19485\/revisions\/19487"}],"wp:featuredmedia":[{"embeddable":true,"href":"https:\/\/sertv.gob.pa\/crisolfm\/wp-json\/wp\/v2\/media\/19486"}],"wp:attachment":[{"href":"https:\/\/sertv.gob.pa\/crisolfm\/wp-json\/wp\/v2\/media?parent=19485"}],"wp:term":[{"taxonomy":"category","embeddable":true,"href":"https:\/\/sertv.gob.pa\/crisolfm\/wp-json\/wp\/v2\/categories?post=19485"},{"taxonomy":"post_tag","embeddable":true,"href":"https:\/\/sertv.gob.pa\/crisolfm\/wp-json\/wp\/v2\/tags?post=19485"}],"curies":[{"name":"wp","href":"https:\/\/api.w.org\/{rel}","templated":true}]}}