{"id":19488,"date":"2019-04-29T15:35:24","date_gmt":"2019-04-29T15:35:24","guid":{"rendered":"https:\/\/sertv.gob.pa\/crisolfm\/?p=19488"},"modified":"2019-04-29T15:35:24","modified_gmt":"2019-04-29T15:35:24","slug":"las-tempestades-marinas-se-han-intensificado-en-los-ultimos-30-anos","status":"publish","type":"post","link":"https:\/\/sertv.gob.pa\/crisolfm\/las-tempestades-marinas-se-han-intensificado-en-los-ultimos-30-anos\/","title":{"rendered":"Las tempestades marinas se han intensificado en los \u00faltimos 30 a\u00f1os"},"content":{"rendered":"<p>En las \u00faltimas tres d\u00e9cadas, la velocidad del viento y la altura de las olas han aumentado, aunque solo sea un poco, en la mayor\u00eda de los mares del mundo, con <strong>los mayores incrementos en el Oc\u00e9ano Austral<\/strong>. Un nuevo estudio que informa de estos resultados us\u00f3 datos satelitales globales que abarcan m\u00e1s de 30 a\u00f1os, desde 1985 hasta 2018. Los investigadores descubrieron que los vientos extremos en el Oc\u00e9ano Austral han aumentado en 1,5 metros por segundo, o un 8 por ciento, en los \u00faltimos 30 a\u00f1os. Las olas extremas han aumentado en 30 cent\u00edmetros, o el 5 por ciento, durante el mismo periodo.<\/p>\n<p>El an\u00e1lisis ayuda a refinar la comprensi\u00f3n de c\u00f3mo estos procesos cr\u00edticos del oc\u00e9ano y la atm\u00f3sfera est\u00e1n influenciados por el cambio clim\u00e1tico. El viento oce\u00e1nico y los patrones de olas desempe\u00f1an un papel importante en varios sistemas ambientales y clim\u00e1ticos. El viento sobre aguas abiertas define en gran medida la rugosidad de la superficie, que puede influir enormemente en la transferencia de energ\u00eda y di\u00f3xido de carbono entre <em>la atm\u00f3sfera <\/em><\/p>\n<p>Adem\u00e1s, las alturas de las olas pueden afectar los niveles de marejada cicl\u00f3nica y las inundaciones costeras durante eventos clim\u00e1ticos extremos. Sin embargo, la capacidad para determinar peque\u00f1os cambios en las tendencias globales de vientos y olas que utilizan registros de olas y vientos a largo plazo sigue siendo un desaf\u00edo. Las diferencias en la instrumentaci\u00f3n de las boyas oce\u00e1nicas limitan su capacidad para proporcionar datos adecuados y a\u00fan no se han abordado por completo las preocupaciones sobre la consistencia de los datos satelitales globales.<\/p>\n<p>&nbsp;<\/p>\n<p>ECOticias<\/p>\n","protected":false},"excerpt":{"rendered":"<p>En las \u00faltimas tres d\u00e9cadas, la velocidad del viento y <a href=\"https:\/\/sertv.gob.pa\/crisolfm\/las-tempestades-marinas-se-han-intensificado-en-los-ultimos-30-anos\/\"> [&#8230;]<\/a><\/p>\n","protected":false},"author":64,"featured_media":19489,"comment_status":"closed","ping_status":"closed","sticky":false,"template":"","format":"standard","meta":{"footnotes":""},"categories":[7],"tags":[],"class_list":["post-19488","post","type-post","status-publish","format-standard","has-post-thumbnail","hentry","category-ecologicas"],"_links":{"self":[{"href":"https:\/\/sertv.gob.pa\/crisolfm\/wp-json\/wp\/v2\/posts\/19488","targetHints":{"allow":["GET"]}}],"collection":[{"href":"https:\/\/sertv.gob.pa\/crisolfm\/wp-json\/wp\/v2\/posts"}],"about":[{"href":"https:\/\/sertv.gob.pa\/crisolfm\/wp-json\/wp\/v2\/types\/post"}],"author":[{"embeddable":true,"href":"https:\/\/sertv.gob.pa\/crisolfm\/wp-json\/wp\/v2\/users\/64"}],"replies":[{"embeddable":true,"href":"https:\/\/sertv.gob.pa\/crisolfm\/wp-json\/wp\/v2\/comments?post=19488"}],"version-history":[{"count":1,"href":"https:\/\/sertv.gob.pa\/crisolfm\/wp-json\/wp\/v2\/posts\/19488\/revisions"}],"predecessor-version":[{"id":19490,"href":"https:\/\/sertv.gob.pa\/crisolfm\/wp-json\/wp\/v2\/posts\/19488\/revisions\/19490"}],"wp:featuredmedia":[{"embeddable":true,"href":"https:\/\/sertv.gob.pa\/crisolfm\/wp-json\/wp\/v2\/media\/19489"}],"wp:attachment":[{"href":"https:\/\/sertv.gob.pa\/crisolfm\/wp-json\/wp\/v2\/media?parent=19488"}],"wp:term":[{"taxonomy":"category","embeddable":true,"href":"https:\/\/sertv.gob.pa\/crisolfm\/wp-json\/wp\/v2\/categories?post=19488"},{"taxonomy":"post_tag","embeddable":true,"href":"https:\/\/sertv.gob.pa\/crisolfm\/wp-json\/wp\/v2\/tags?post=19488"}],"curies":[{"name":"wp","href":"https:\/\/api.w.org\/{rel}","templated":true}]}}