{"id":19512,"date":"2019-04-30T13:57:09","date_gmt":"2019-04-30T13:57:09","guid":{"rendered":"https:\/\/sertv.gob.pa\/crisolfm\/?p=19512"},"modified":"2019-04-30T13:57:09","modified_gmt":"2019-04-30T13:57:09","slug":"el-museo-del-prado-premio-princesa-de-asturias-de-humanidades","status":"publish","type":"post","link":"https:\/\/sertv.gob.pa\/crisolfm\/el-museo-del-prado-premio-princesa-de-asturias-de-humanidades\/","title":{"rendered":"El Museo del Prado, Premio Princesa de Asturias de Humanidades"},"content":{"rendered":"<p>Coincidiendo con su bicentenario, el madrile\u00f1o Museo del Prado, casa de obras maestras de El Bosco, El Greco, Vel\u00e1zquez o Goya, se alz\u00f3 este martes con el premio Princesa de Asturias de Comunicaci\u00f3n y Humanidades.<\/p>\n<p>El galard\u00f3n reconoce \u00abla labor de conservaci\u00f3n y divulgaci\u00f3n de uno de los m\u00e1s ricos patrimonios art\u00edsticos del mundo\u00bb realizada por este \u00abs\u00edmbolo de nuestra herencia cultural com\u00fan\u00bb, seg\u00fan recogi\u00f3 el acta, divulgada en Oviedo (norte de Espa\u00f1a).<\/p>\n<p>La instituci\u00f3n, visitada por 3 millones de personas al a\u00f1o, fue elegida de entre un total de 29 candidaturas procedentes de 14 pa\u00edses, por \u00abla ejemplaridad de su contribuci\u00f3n al desarrollo human\u00edstico de la sociedad pasada, presente y futura\u00bb, agreg\u00f3 el fallo.<\/p>\n<p>AFP<\/p>\n","protected":false},"excerpt":{"rendered":"<p>Coincidiendo con su bicentenario, el madrile\u00f1o Museo del Prado, casa <a href=\"https:\/\/sertv.gob.pa\/crisolfm\/el-museo-del-prado-premio-princesa-de-asturias-de-humanidades\/\"> [&#8230;]<\/a><\/p>\n","protected":false},"author":64,"featured_media":19513,"comment_status":"closed","ping_status":"closed","sticky":false,"template":"","format":"standard","meta":{"footnotes":""},"categories":[6],"tags":[],"class_list":["post-19512","post","type-post","status-publish","format-standard","has-post-thumbnail","hentry","category-culturales"],"_links":{"self":[{"href":"https:\/\/sertv.gob.pa\/crisolfm\/wp-json\/wp\/v2\/posts\/19512","targetHints":{"allow":["GET"]}}],"collection":[{"href":"https:\/\/sertv.gob.pa\/crisolfm\/wp-json\/wp\/v2\/posts"}],"about":[{"href":"https:\/\/sertv.gob.pa\/crisolfm\/wp-json\/wp\/v2\/types\/post"}],"author":[{"embeddable":true,"href":"https:\/\/sertv.gob.pa\/crisolfm\/wp-json\/wp\/v2\/users\/64"}],"replies":[{"embeddable":true,"href":"https:\/\/sertv.gob.pa\/crisolfm\/wp-json\/wp\/v2\/comments?post=19512"}],"version-history":[{"count":1,"href":"https:\/\/sertv.gob.pa\/crisolfm\/wp-json\/wp\/v2\/posts\/19512\/revisions"}],"predecessor-version":[{"id":19514,"href":"https:\/\/sertv.gob.pa\/crisolfm\/wp-json\/wp\/v2\/posts\/19512\/revisions\/19514"}],"wp:featuredmedia":[{"embeddable":true,"href":"https:\/\/sertv.gob.pa\/crisolfm\/wp-json\/wp\/v2\/media\/19513"}],"wp:attachment":[{"href":"https:\/\/sertv.gob.pa\/crisolfm\/wp-json\/wp\/v2\/media?parent=19512"}],"wp:term":[{"taxonomy":"category","embeddable":true,"href":"https:\/\/sertv.gob.pa\/crisolfm\/wp-json\/wp\/v2\/categories?post=19512"},{"taxonomy":"post_tag","embeddable":true,"href":"https:\/\/sertv.gob.pa\/crisolfm\/wp-json\/wp\/v2\/tags?post=19512"}],"curies":[{"name":"wp","href":"https:\/\/api.w.org\/{rel}","templated":true}]}}