{"id":19539,"date":"2019-04-30T15:54:50","date_gmt":"2019-04-30T15:54:50","guid":{"rendered":"https:\/\/sertv.gob.pa\/crisolfm\/?p=19539"},"modified":"2019-04-30T15:54:50","modified_gmt":"2019-04-30T15:54:50","slug":"el-cambio-climatico-matara-por-enfermedades-respiratorias-a-las-personas-mayores","status":"publish","type":"post","link":"https:\/\/sertv.gob.pa\/crisolfm\/el-cambio-climatico-matara-por-enfermedades-respiratorias-a-las-personas-mayores\/","title":{"rendered":"El cambio clim\u00e1tico \u2018matar\u00e1\u2019 por enfermedades respiratorias a las personas mayores"},"content":{"rendered":"<p>El calentamiento global est\u00e1 demostrando un efecto negativo sobre la salud, ya que el calor extremo puede incrementar la mortalidad por enfermedades respiratorias en personas mayores y el aumento de <strong>los s\u00edntomas en enfermos respiratorios cr\u00f3nicos<\/strong>, seg\u00fan ha avisado la presidenta de Neumomadrid, Mar\u00eda Jes\u00fas Rodr\u00edguez Nieto.<\/p>\n<p>En este sentido, y con motivo de la celebraci\u00f3n de la 24 edici\u00f3n del Congreso de la organizaci\u00f3n, la experta ha recordado que las enfermedades respiratorias son muy prevalentes entre la poblaci\u00f3n general e importantes desde el punto de vista de salud p\u00fablica, destacando especialmente las patolog\u00edas infecciosas agudas, como son la neumon\u00eda y la bronquitis, y las cr\u00f3nicas como el asma y la enfermedad pulmonar obstructiva cr\u00f3nica (EPOC).<\/p>\n<p>A su juicio, uno de los retos a los que se enfrentan los especialistas en Neumolog\u00eda es la contaminaci\u00f3n ambiental y su impacto en la evoluci\u00f3n de las enfermedades respiratorias cr\u00f3nicas, afectando especialmente a personas con patolog\u00edas pulmonares, como asma y EPOC, e incrementando los agudizaciones e ingresos hospitalarios. Estos temas van a ser abordado en el encuentro, as\u00ed como las enfermedades infecciosas, como la tuberculosis, de la que en 2018 se registraron 10 millones de nuevos casos en el mundo y unos 4.000 en Espa\u00f1a.<\/p>\n<p>ECOticias<\/p>\n","protected":false},"excerpt":{"rendered":"<p>El calentamiento global est\u00e1 demostrando un efecto negativo sobre la <a href=\"https:\/\/sertv.gob.pa\/crisolfm\/el-cambio-climatico-matara-por-enfermedades-respiratorias-a-las-personas-mayores\/\"> [&#8230;]<\/a><\/p>\n","protected":false},"author":64,"featured_media":19540,"comment_status":"closed","ping_status":"closed","sticky":false,"template":"","format":"standard","meta":{"footnotes":""},"categories":[7],"tags":[],"class_list":["post-19539","post","type-post","status-publish","format-standard","has-post-thumbnail","hentry","category-ecologicas"],"_links":{"self":[{"href":"https:\/\/sertv.gob.pa\/crisolfm\/wp-json\/wp\/v2\/posts\/19539","targetHints":{"allow":["GET"]}}],"collection":[{"href":"https:\/\/sertv.gob.pa\/crisolfm\/wp-json\/wp\/v2\/posts"}],"about":[{"href":"https:\/\/sertv.gob.pa\/crisolfm\/wp-json\/wp\/v2\/types\/post"}],"author":[{"embeddable":true,"href":"https:\/\/sertv.gob.pa\/crisolfm\/wp-json\/wp\/v2\/users\/64"}],"replies":[{"embeddable":true,"href":"https:\/\/sertv.gob.pa\/crisolfm\/wp-json\/wp\/v2\/comments?post=19539"}],"version-history":[{"count":1,"href":"https:\/\/sertv.gob.pa\/crisolfm\/wp-json\/wp\/v2\/posts\/19539\/revisions"}],"predecessor-version":[{"id":19541,"href":"https:\/\/sertv.gob.pa\/crisolfm\/wp-json\/wp\/v2\/posts\/19539\/revisions\/19541"}],"wp:featuredmedia":[{"embeddable":true,"href":"https:\/\/sertv.gob.pa\/crisolfm\/wp-json\/wp\/v2\/media\/19540"}],"wp:attachment":[{"href":"https:\/\/sertv.gob.pa\/crisolfm\/wp-json\/wp\/v2\/media?parent=19539"}],"wp:term":[{"taxonomy":"category","embeddable":true,"href":"https:\/\/sertv.gob.pa\/crisolfm\/wp-json\/wp\/v2\/categories?post=19539"},{"taxonomy":"post_tag","embeddable":true,"href":"https:\/\/sertv.gob.pa\/crisolfm\/wp-json\/wp\/v2\/tags?post=19539"}],"curies":[{"name":"wp","href":"https:\/\/api.w.org\/{rel}","templated":true}]}}