{"id":19542,"date":"2019-04-30T17:51:28","date_gmt":"2019-04-30T17:51:28","guid":{"rendered":"https:\/\/sertv.gob.pa\/crisolfm\/?p=19542"},"modified":"2019-04-30T17:51:28","modified_gmt":"2019-04-30T17:51:28","slug":"empieza-el-segundo-ciclo-de-cine-de-marruecos","status":"publish","type":"post","link":"https:\/\/sertv.gob.pa\/crisolfm\/empieza-el-segundo-ciclo-de-cine-de-marruecos\/","title":{"rendered":"Empieza el segundo ciclo de cine de Marruecos"},"content":{"rendered":"<p>Hoy iniciar\u00e1 el segundo Ciclo de Cine Internacional de Panam\u00e1, con el apoyo de la Embajada del Reino de Marruecos en colaboraci\u00f3n con el Ministerio de Relaciones Exteriores. La apertura ser\u00e1 con la proyecci\u00f3n gratuita de la pel\u00edcula \u201cA d\u00f3nde vas, Mosh\u00e9\u201d, en el Auditorio Ricardo J. Alfaro del Ministerio de Relaciones Exteriores a las 8:00 p.m. Terminada la presentaci\u00f3n las personas podr\u00e1n degustar algunos platillos t\u00edpicos y dulces de Marruecos.<\/p>\n<p><strong>Sinopsis<\/strong><br \/>\nA comienzos de la d\u00e9cada del 60 dadas las circunstancias internacionales, muchos jud\u00edos marroqu\u00edes deciden dejar su tierra natal para emigrar a Israel y a otros pa\u00edses, entre los cuales algunos de Am\u00e9rica Latina. Cuando Mustaf\u00e1, el administrador del \u00fanico bar de la peque\u00f1a ciudad de Bejjad, se da cuenta que hay un \u00e9xodo masivo de jud\u00edos entra en p\u00e1nico.<\/p>\n<p>La producci\u00f3n de g\u00e9nero ficci\u00f3n estuvo a cargo de Hassan Benjelloun en el 2007.<\/p>\n<p>&nbsp;<\/p>\n","protected":false},"excerpt":{"rendered":"<p>Hoy iniciar\u00e1 el segundo Ciclo de Cine Internacional de Panam\u00e1, <a href=\"https:\/\/sertv.gob.pa\/crisolfm\/empieza-el-segundo-ciclo-de-cine-de-marruecos\/\"> [&#8230;]<\/a><\/p>\n","protected":false},"author":64,"featured_media":19543,"comment_status":"closed","ping_status":"closed","sticky":false,"template":"","format":"standard","meta":{"footnotes":""},"categories":[6],"tags":[],"class_list":["post-19542","post","type-post","status-publish","format-standard","has-post-thumbnail","hentry","category-culturales"],"_links":{"self":[{"href":"https:\/\/sertv.gob.pa\/crisolfm\/wp-json\/wp\/v2\/posts\/19542","targetHints":{"allow":["GET"]}}],"collection":[{"href":"https:\/\/sertv.gob.pa\/crisolfm\/wp-json\/wp\/v2\/posts"}],"about":[{"href":"https:\/\/sertv.gob.pa\/crisolfm\/wp-json\/wp\/v2\/types\/post"}],"author":[{"embeddable":true,"href":"https:\/\/sertv.gob.pa\/crisolfm\/wp-json\/wp\/v2\/users\/64"}],"replies":[{"embeddable":true,"href":"https:\/\/sertv.gob.pa\/crisolfm\/wp-json\/wp\/v2\/comments?post=19542"}],"version-history":[{"count":1,"href":"https:\/\/sertv.gob.pa\/crisolfm\/wp-json\/wp\/v2\/posts\/19542\/revisions"}],"predecessor-version":[{"id":19544,"href":"https:\/\/sertv.gob.pa\/crisolfm\/wp-json\/wp\/v2\/posts\/19542\/revisions\/19544"}],"wp:featuredmedia":[{"embeddable":true,"href":"https:\/\/sertv.gob.pa\/crisolfm\/wp-json\/wp\/v2\/media\/19543"}],"wp:attachment":[{"href":"https:\/\/sertv.gob.pa\/crisolfm\/wp-json\/wp\/v2\/media?parent=19542"}],"wp:term":[{"taxonomy":"category","embeddable":true,"href":"https:\/\/sertv.gob.pa\/crisolfm\/wp-json\/wp\/v2\/categories?post=19542"},{"taxonomy":"post_tag","embeddable":true,"href":"https:\/\/sertv.gob.pa\/crisolfm\/wp-json\/wp\/v2\/tags?post=19542"}],"curies":[{"name":"wp","href":"https:\/\/api.w.org\/{rel}","templated":true}]}}