{"id":19548,"date":"2019-05-02T13:48:02","date_gmt":"2019-05-02T13:48:02","guid":{"rendered":"https:\/\/sertv.gob.pa\/crisolfm\/?p=19548"},"modified":"2019-05-02T13:48:02","modified_gmt":"2019-05-02T13:48:02","slug":"panama-se-anota-para-gran-censo-mundial-de-aves","status":"publish","type":"post","link":"https:\/\/sertv.gob.pa\/crisolfm\/panama-se-anota-para-gran-censo-mundial-de-aves\/","title":{"rendered":"Panam\u00e1 se anota para gran censo mundial de aves"},"content":{"rendered":"<p>Panam\u00e1 se sumar\u00e1 una vez m\u00e1s al gran<strong> censo mundial de especies de aves<\/strong> o <strong>Big Global Day<\/strong> este 4 de mayo, con una meta clara: mantener el primer lugar de la regi\u00f3n en variedad de aves registradas.<\/p>\n<p>Creado en 2015 con el objetivo de empezar a sumar datos de las poblaciones de aves y su estado en todo el mundo, el Big Global Day invita a observadores de aves y voluntarios de todos los pa\u00edses a registrar en la p\u00e1gina<a href=\"https:\/\/ebird.org\/home\" target=\"_blank\" rel=\"noopener\"> ebird.org<\/a>, del Laboratorio de Ornitolog\u00eda de la Universidad de Cornell, Estados Unidos, las especies que puedan durante 24 horas. Una suerte de marat\u00f3n de estudio de aves en ciudades, bosques, playas y m\u00e1s.<\/p>\n<p>Pueden participar expertos en la observaci\u00f3n de aves y personas interesadas en aprender e incursionar en el \u201cavisturismo\u201d destaca<strong> Guido Berguido<\/strong>, director de la Asociaci\u00f3n Adopta el Bosque Panam\u00e1, uno de los impulsores de la actividad.<\/p>\n<p>&nbsp;<\/p>\n","protected":false},"excerpt":{"rendered":"<p>Panam\u00e1 se sumar\u00e1 una vez m\u00e1s al gran censo mundial <a href=\"https:\/\/sertv.gob.pa\/crisolfm\/panama-se-anota-para-gran-censo-mundial-de-aves\/\"> [&#8230;]<\/a><\/p>\n","protected":false},"author":64,"featured_media":19549,"comment_status":"closed","ping_status":"closed","sticky":false,"template":"","format":"standard","meta":{"footnotes":""},"categories":[7],"tags":[],"class_list":["post-19548","post","type-post","status-publish","format-standard","has-post-thumbnail","hentry","category-ecologicas"],"_links":{"self":[{"href":"https:\/\/sertv.gob.pa\/crisolfm\/wp-json\/wp\/v2\/posts\/19548","targetHints":{"allow":["GET"]}}],"collection":[{"href":"https:\/\/sertv.gob.pa\/crisolfm\/wp-json\/wp\/v2\/posts"}],"about":[{"href":"https:\/\/sertv.gob.pa\/crisolfm\/wp-json\/wp\/v2\/types\/post"}],"author":[{"embeddable":true,"href":"https:\/\/sertv.gob.pa\/crisolfm\/wp-json\/wp\/v2\/users\/64"}],"replies":[{"embeddable":true,"href":"https:\/\/sertv.gob.pa\/crisolfm\/wp-json\/wp\/v2\/comments?post=19548"}],"version-history":[{"count":1,"href":"https:\/\/sertv.gob.pa\/crisolfm\/wp-json\/wp\/v2\/posts\/19548\/revisions"}],"predecessor-version":[{"id":19550,"href":"https:\/\/sertv.gob.pa\/crisolfm\/wp-json\/wp\/v2\/posts\/19548\/revisions\/19550"}],"wp:featuredmedia":[{"embeddable":true,"href":"https:\/\/sertv.gob.pa\/crisolfm\/wp-json\/wp\/v2\/media\/19549"}],"wp:attachment":[{"href":"https:\/\/sertv.gob.pa\/crisolfm\/wp-json\/wp\/v2\/media?parent=19548"}],"wp:term":[{"taxonomy":"category","embeddable":true,"href":"https:\/\/sertv.gob.pa\/crisolfm\/wp-json\/wp\/v2\/categories?post=19548"},{"taxonomy":"post_tag","embeddable":true,"href":"https:\/\/sertv.gob.pa\/crisolfm\/wp-json\/wp\/v2\/tags?post=19548"}],"curies":[{"name":"wp","href":"https:\/\/api.w.org\/{rel}","templated":true}]}}