{"id":19566,"date":"2019-05-02T14:49:01","date_gmt":"2019-05-02T14:49:01","guid":{"rendered":"https:\/\/sertv.gob.pa\/crisolfm\/?p=19566"},"modified":"2019-05-02T14:49:01","modified_gmt":"2019-05-02T14:49:01","slug":"lanzamiento-de-la-obra-historia-general-de-panama","status":"publish","type":"post","link":"https:\/\/sertv.gob.pa\/crisolfm\/lanzamiento-de-la-obra-historia-general-de-panama\/","title":{"rendered":"Lanzamiento de la obra \u201cHistoria General de Panam\u00e1\u201d"},"content":{"rendered":"<p>La Comisi\u00f3n 500 a\u00f1os de la Alcald\u00eda de Panam\u00e1, a trav\u00e9s de su proyecto Biblioteca 500, lanzar\u00e1 una reedici\u00f3n de la obra seminal \u2018Historia General de Panam\u00e1&#8217;, del escritor Alfredo Castillero Calvo.<\/p>\n<p>La obra ser\u00e1 mostrada en el marco del II Congreso de Antropolog\u00eda e Historia de Panam\u00e1 2019. La cita ser\u00e1 el 19 de junio, en el Centro de Convenciones de Ciudad del Saber, a las 7:00 de la noche. La entrada es abierta a todo p\u00fablico.<\/p>\n","protected":false},"excerpt":{"rendered":"<p>La Comisi\u00f3n 500 a\u00f1os de la Alcald\u00eda de Panam\u00e1, a <a href=\"https:\/\/sertv.gob.pa\/crisolfm\/lanzamiento-de-la-obra-historia-general-de-panama\/\"> [&#8230;]<\/a><\/p>\n","protected":false},"author":64,"featured_media":19567,"comment_status":"closed","ping_status":"closed","sticky":false,"template":"","format":"standard","meta":{"footnotes":""},"categories":[6],"tags":[],"class_list":["post-19566","post","type-post","status-publish","format-standard","has-post-thumbnail","hentry","category-culturales"],"_links":{"self":[{"href":"https:\/\/sertv.gob.pa\/crisolfm\/wp-json\/wp\/v2\/posts\/19566","targetHints":{"allow":["GET"]}}],"collection":[{"href":"https:\/\/sertv.gob.pa\/crisolfm\/wp-json\/wp\/v2\/posts"}],"about":[{"href":"https:\/\/sertv.gob.pa\/crisolfm\/wp-json\/wp\/v2\/types\/post"}],"author":[{"embeddable":true,"href":"https:\/\/sertv.gob.pa\/crisolfm\/wp-json\/wp\/v2\/users\/64"}],"replies":[{"embeddable":true,"href":"https:\/\/sertv.gob.pa\/crisolfm\/wp-json\/wp\/v2\/comments?post=19566"}],"version-history":[{"count":1,"href":"https:\/\/sertv.gob.pa\/crisolfm\/wp-json\/wp\/v2\/posts\/19566\/revisions"}],"predecessor-version":[{"id":19568,"href":"https:\/\/sertv.gob.pa\/crisolfm\/wp-json\/wp\/v2\/posts\/19566\/revisions\/19568"}],"wp:featuredmedia":[{"embeddable":true,"href":"https:\/\/sertv.gob.pa\/crisolfm\/wp-json\/wp\/v2\/media\/19567"}],"wp:attachment":[{"href":"https:\/\/sertv.gob.pa\/crisolfm\/wp-json\/wp\/v2\/media?parent=19566"}],"wp:term":[{"taxonomy":"category","embeddable":true,"href":"https:\/\/sertv.gob.pa\/crisolfm\/wp-json\/wp\/v2\/categories?post=19566"},{"taxonomy":"post_tag","embeddable":true,"href":"https:\/\/sertv.gob.pa\/crisolfm\/wp-json\/wp\/v2\/tags?post=19566"}],"curies":[{"name":"wp","href":"https:\/\/api.w.org\/{rel}","templated":true}]}}