{"id":19569,"date":"2019-05-02T15:17:22","date_gmt":"2019-05-02T15:17:22","guid":{"rendered":"https:\/\/sertv.gob.pa\/crisolfm\/?p=19569"},"modified":"2019-05-02T15:17:22","modified_gmt":"2019-05-02T15:17:22","slug":"taller-de-preservacion-de-archivos-audiovisuales","status":"publish","type":"post","link":"https:\/\/sertv.gob.pa\/crisolfm\/taller-de-preservacion-de-archivos-audiovisuales\/","title":{"rendered":"Taller de preservaci\u00f3n de archivos audiovisuales"},"content":{"rendered":"<p>El Centro de Formaci\u00f3n y Capacitaci\u00f3n Cinematogr\u00e1fica del GECU, de la Vicerrector\u00eda de Extensi\u00f3n de la Universidad de Panam\u00e1, en conjunto con el Centro Cultural de Espa\u00f1a, en el marco del Programa ACERCA de Capacitaci\u00f3n para el Desarrollo en el Sector Cultural, llevar\u00e1n a cabo el Taller de preservacio\u0301n y archivos audiovisuales, impartido por la especialista espa\u00f1ola Carolina Cappa quien transmitir\u00e1 a los participantes e instituciones invitadas sus conocimientos sobre la importancia de la preservaci\u00f3n y manejo de archivos audiovisuales.<\/p>\n<p>Esta actividad confirma el compromiso del GECU de la Universidad de Panam\u00e1 por la capacitaci\u00f3n continua del sector cine y la relevancia que le da al tema del cuidado y rescate de la memoria hist\u00f3rica del pa\u00eds, as\u00ed como la apuesta de la Cooperaci\u00f3n Espa\u00f1ola por la formaci\u00f3n y capacitaci\u00f3n de profesionales del sector cultural de las instituciones p\u00fablicas y privadas, en este caso, en el \u00e1mbito de la conservaci\u00f3n del patrimonio cinematogr\u00e1fico.<\/p>\n<p>El taller ser\u00e1 gratuito, por invitaci\u00f3n, y se realizar\u00e1 del 6 al 10 de mayo en las instalaciones del GECU, en horarios de 9 a.m. a 5:00 p.m. y est\u00e1 dirigido a grupos, individuos y entidades de diversa naturaleza que agrupan o cuentan con patrimonio audiovisual personal, comunitario, regional, institucional y cultural. El prop\u00f3sito de esta capacitacio\u0301n es dotar a estos grupos de herramientas teo\u0301ricas y pra\u0301cticas necesarias para el desarrollo de Archivos Audiovisuales que puedan actuar de forma auto\u0301noma a la vez que vinculados en una red de archivos necesaria para el intercambio de estrategias y tecnologi\u0301as compartidas.<\/p>\n<p>&nbsp;<\/p>\n","protected":false},"excerpt":{"rendered":"<p>El Centro de Formaci\u00f3n y Capacitaci\u00f3n Cinematogr\u00e1fica del GECU, de <a href=\"https:\/\/sertv.gob.pa\/crisolfm\/taller-de-preservacion-de-archivos-audiovisuales\/\"> [&#8230;]<\/a><\/p>\n","protected":false},"author":64,"featured_media":19570,"comment_status":"closed","ping_status":"closed","sticky":false,"template":"","format":"standard","meta":{"footnotes":""},"categories":[6],"tags":[],"class_list":["post-19569","post","type-post","status-publish","format-standard","has-post-thumbnail","hentry","category-culturales"],"_links":{"self":[{"href":"https:\/\/sertv.gob.pa\/crisolfm\/wp-json\/wp\/v2\/posts\/19569","targetHints":{"allow":["GET"]}}],"collection":[{"href":"https:\/\/sertv.gob.pa\/crisolfm\/wp-json\/wp\/v2\/posts"}],"about":[{"href":"https:\/\/sertv.gob.pa\/crisolfm\/wp-json\/wp\/v2\/types\/post"}],"author":[{"embeddable":true,"href":"https:\/\/sertv.gob.pa\/crisolfm\/wp-json\/wp\/v2\/users\/64"}],"replies":[{"embeddable":true,"href":"https:\/\/sertv.gob.pa\/crisolfm\/wp-json\/wp\/v2\/comments?post=19569"}],"version-history":[{"count":1,"href":"https:\/\/sertv.gob.pa\/crisolfm\/wp-json\/wp\/v2\/posts\/19569\/revisions"}],"predecessor-version":[{"id":19571,"href":"https:\/\/sertv.gob.pa\/crisolfm\/wp-json\/wp\/v2\/posts\/19569\/revisions\/19571"}],"wp:featuredmedia":[{"embeddable":true,"href":"https:\/\/sertv.gob.pa\/crisolfm\/wp-json\/wp\/v2\/media\/19570"}],"wp:attachment":[{"href":"https:\/\/sertv.gob.pa\/crisolfm\/wp-json\/wp\/v2\/media?parent=19569"}],"wp:term":[{"taxonomy":"category","embeddable":true,"href":"https:\/\/sertv.gob.pa\/crisolfm\/wp-json\/wp\/v2\/categories?post=19569"},{"taxonomy":"post_tag","embeddable":true,"href":"https:\/\/sertv.gob.pa\/crisolfm\/wp-json\/wp\/v2\/tags?post=19569"}],"curies":[{"name":"wp","href":"https:\/\/api.w.org\/{rel}","templated":true}]}}