{"id":19582,"date":"2019-05-03T13:25:33","date_gmt":"2019-05-03T13:25:33","guid":{"rendered":"https:\/\/sertv.gob.pa\/crisolfm\/?p=19582"},"modified":"2019-05-03T13:25:33","modified_gmt":"2019-05-03T13:25:33","slug":"ciclon-fani-llega-a-la-costa-de-india-donde-un-millon-de-personas-fueron-evacuadas","status":"publish","type":"post","link":"https:\/\/sertv.gob.pa\/crisolfm\/ciclon-fani-llega-a-la-costa-de-india-donde-un-millon-de-personas-fueron-evacuadas\/","title":{"rendered":"Cicl\u00f3n Fani llega a la costa de India, donde un mill\u00f3n de personas fueron evacuadas"},"content":{"rendered":"<p>El cicl\u00f3n Fani, uno de los m\u00e1s poderosos generados en el Oc\u00e9ano \u00cdndico en a\u00f1os recientes, lleg\u00f3 el viernes a la costa de India, donde las autoridades ordenaron la evacuaci\u00f3n de m\u00e1s de un mill\u00f3n de personas. El monstruoso cicl\u00f3n, que amenaza con arrasar e inundar regiones ya duramente golpeadas, registraba vientos de hasta 180 kil\u00f3metros por hora, seg\u00fan inform\u00f3 el Departamento de Meteorolog\u00eda de India.<\/p>\n<p>Las primeras informaciones mencionaban una enorme cantidad de \u00e1rboles arrancados, violentas lluvias y la suspensi\u00f3n del servicio de electricidad y agua potable en numerosas \u00e1reas. Fani toc\u00f3 tierra en el estado indio de Odisha, donde en 1999 otro cicl\u00f3n ya dej\u00f3 un saldo de alrededor de 10 mil muertos y un impresionante rastro de destrucci\u00f3n.<\/p>\n<p>&nbsp;<\/p>\n<p>AFP<\/p>\n","protected":false},"excerpt":{"rendered":"<p>El cicl\u00f3n Fani, uno de los m\u00e1s poderosos generados en <a href=\"https:\/\/sertv.gob.pa\/crisolfm\/ciclon-fani-llega-a-la-costa-de-india-donde-un-millon-de-personas-fueron-evacuadas\/\"> [&#8230;]<\/a><\/p>\n","protected":false},"author":64,"featured_media":19583,"comment_status":"closed","ping_status":"closed","sticky":false,"template":"","format":"standard","meta":{"footnotes":""},"categories":[7],"tags":[],"class_list":["post-19582","post","type-post","status-publish","format-standard","has-post-thumbnail","hentry","category-ecologicas"],"_links":{"self":[{"href":"https:\/\/sertv.gob.pa\/crisolfm\/wp-json\/wp\/v2\/posts\/19582","targetHints":{"allow":["GET"]}}],"collection":[{"href":"https:\/\/sertv.gob.pa\/crisolfm\/wp-json\/wp\/v2\/posts"}],"about":[{"href":"https:\/\/sertv.gob.pa\/crisolfm\/wp-json\/wp\/v2\/types\/post"}],"author":[{"embeddable":true,"href":"https:\/\/sertv.gob.pa\/crisolfm\/wp-json\/wp\/v2\/users\/64"}],"replies":[{"embeddable":true,"href":"https:\/\/sertv.gob.pa\/crisolfm\/wp-json\/wp\/v2\/comments?post=19582"}],"version-history":[{"count":1,"href":"https:\/\/sertv.gob.pa\/crisolfm\/wp-json\/wp\/v2\/posts\/19582\/revisions"}],"predecessor-version":[{"id":19584,"href":"https:\/\/sertv.gob.pa\/crisolfm\/wp-json\/wp\/v2\/posts\/19582\/revisions\/19584"}],"wp:featuredmedia":[{"embeddable":true,"href":"https:\/\/sertv.gob.pa\/crisolfm\/wp-json\/wp\/v2\/media\/19583"}],"wp:attachment":[{"href":"https:\/\/sertv.gob.pa\/crisolfm\/wp-json\/wp\/v2\/media?parent=19582"}],"wp:term":[{"taxonomy":"category","embeddable":true,"href":"https:\/\/sertv.gob.pa\/crisolfm\/wp-json\/wp\/v2\/categories?post=19582"},{"taxonomy":"post_tag","embeddable":true,"href":"https:\/\/sertv.gob.pa\/crisolfm\/wp-json\/wp\/v2\/tags?post=19582"}],"curies":[{"name":"wp","href":"https:\/\/api.w.org\/{rel}","templated":true}]}}