{"id":19592,"date":"2019-05-03T13:53:53","date_gmt":"2019-05-03T13:53:53","guid":{"rendered":"https:\/\/sertv.gob.pa\/crisolfm\/?p=19592"},"modified":"2019-05-03T13:53:53","modified_gmt":"2019-05-03T13:53:53","slug":"el-enigma-de-la-desaparicion-del-cuadro-mas-caro-del-mundo","status":"publish","type":"post","link":"https:\/\/sertv.gob.pa\/crisolfm\/el-enigma-de-la-desaparicion-del-cuadro-mas-caro-del-mundo\/","title":{"rendered":"El enigma de la desaparici\u00f3n del cuadro m\u00e1s caro del mundo"},"content":{"rendered":"<p>\u00bfD\u00f3nde se encuentra el cuadro m\u00e1s caro del mundo? El \u00abSalvator Mundi\u00bb de Leonardo da Vinci, subastado por 450 millones de d\u00f3lares en 2017, sigue en paradero desconocido cuando se cumplen 500 a\u00f1os de la muerte del genio italiano.<\/p>\n<p>El cuadro de 65&#215;45 cm, en el que Cristo emerge de las tinieblas bendiciendo con una mano el mundo, mientras con la otra sostiene una esfera transparente, iba a exponerse en septiembre pasado en el museo Louvre de Abu Dabi, socio de la famosa galer\u00eda parisina hom\u00f3nima. Pero la sala emirat\u00ed anunci\u00f3 que la exposici\u00f3n de la pintura se pospon\u00eda, sin dar m\u00e1s explicaciones.<\/p>\n<p>AFP<\/p>\n","protected":false},"excerpt":{"rendered":"<p>\u00bfD\u00f3nde se encuentra el cuadro m\u00e1s caro del mundo? El <a href=\"https:\/\/sertv.gob.pa\/crisolfm\/el-enigma-de-la-desaparicion-del-cuadro-mas-caro-del-mundo\/\"> [&#8230;]<\/a><\/p>\n","protected":false},"author":64,"featured_media":19593,"comment_status":"closed","ping_status":"closed","sticky":false,"template":"","format":"standard","meta":{"footnotes":""},"categories":[6],"tags":[],"class_list":["post-19592","post","type-post","status-publish","format-standard","has-post-thumbnail","hentry","category-culturales"],"_links":{"self":[{"href":"https:\/\/sertv.gob.pa\/crisolfm\/wp-json\/wp\/v2\/posts\/19592","targetHints":{"allow":["GET"]}}],"collection":[{"href":"https:\/\/sertv.gob.pa\/crisolfm\/wp-json\/wp\/v2\/posts"}],"about":[{"href":"https:\/\/sertv.gob.pa\/crisolfm\/wp-json\/wp\/v2\/types\/post"}],"author":[{"embeddable":true,"href":"https:\/\/sertv.gob.pa\/crisolfm\/wp-json\/wp\/v2\/users\/64"}],"replies":[{"embeddable":true,"href":"https:\/\/sertv.gob.pa\/crisolfm\/wp-json\/wp\/v2\/comments?post=19592"}],"version-history":[{"count":1,"href":"https:\/\/sertv.gob.pa\/crisolfm\/wp-json\/wp\/v2\/posts\/19592\/revisions"}],"predecessor-version":[{"id":19594,"href":"https:\/\/sertv.gob.pa\/crisolfm\/wp-json\/wp\/v2\/posts\/19592\/revisions\/19594"}],"wp:featuredmedia":[{"embeddable":true,"href":"https:\/\/sertv.gob.pa\/crisolfm\/wp-json\/wp\/v2\/media\/19593"}],"wp:attachment":[{"href":"https:\/\/sertv.gob.pa\/crisolfm\/wp-json\/wp\/v2\/media?parent=19592"}],"wp:term":[{"taxonomy":"category","embeddable":true,"href":"https:\/\/sertv.gob.pa\/crisolfm\/wp-json\/wp\/v2\/categories?post=19592"},{"taxonomy":"post_tag","embeddable":true,"href":"https:\/\/sertv.gob.pa\/crisolfm\/wp-json\/wp\/v2\/tags?post=19592"}],"curies":[{"name":"wp","href":"https:\/\/api.w.org\/{rel}","templated":true}]}}