{"id":19595,"date":"2019-05-03T14:00:21","date_gmt":"2019-05-03T14:00:21","guid":{"rendered":"https:\/\/sertv.gob.pa\/crisolfm\/?p=19595"},"modified":"2019-05-03T14:00:21","modified_gmt":"2019-05-03T14:00:21","slug":"morpho-nueva-propuesta-de-la-compania-de-danza-gramo-danse","status":"publish","type":"post","link":"https:\/\/sertv.gob.pa\/crisolfm\/morpho-nueva-propuesta-de-la-compania-de-danza-gramo-danse\/","title":{"rendered":"\u201cMorpho\u201d, nueva propuesta de la compa\u00f1\u00eda de danza Gramo Danse"},"content":{"rendered":"<p>En conmemoraci\u00f3n de los 500 a\u00f1os de fundaci\u00f3n de la ciudad de Panam\u00e1, la compa\u00f1\u00eda de danza Gramo Danse presentar\u00e1 la puesta en escena \u201cMorpho: la psique de una ciudad\u201d, que es una obra de danza contempor\u00e1nea con bailarines a\u00e9reos.<\/p>\n<p>Mois\u00e9s Garc\u00eda, director y creador de la obra art\u00edstica, se\u00f1al\u00f3 que \u201cel concepto es la evoluci\u00f3n de nuestra ciudad, tratado de una manera abstracta por medio de la danza contempor\u00e1nea y a\u00e9rea (en telas) y utilizando la polilla morpho metaf\u00f3ricamente, que igualmente es representativa de la riqueza de nuestra naturaleza. Su belleza y delicadeza nos recuerda que debemos cuidar el medio ambiente\u201d. Entre paname\u00f1os y extranjeros residentes, unos 6 bailarines profesionales deleitar\u00e1n a los asistentes con sus destrezas en la cuerda, emulando los movimientos del insecto.<\/p>\n<p>Por su parte, Katherine Bucktron Olle, directora ejecutiva de la fundaci\u00f3n, dijo que \u201cla obra tiene un componente educativo sobre la conservaci\u00f3n ambiental\u201d. Adem\u00e1s, las lianas usadas son hechas con material reciclado. Las presentaciones est\u00e1n programadas para el jueves 16 y s\u00e1bado 18 de mayo desde las 8:00 p.m., en Xielo de Parque Lefevre, sede de la Fundaci\u00f3n Gramo Danse.<\/p>\n<p>&nbsp;<\/p>\n<p>&nbsp;<\/p>\n","protected":false},"excerpt":{"rendered":"<p>En conmemoraci\u00f3n de los 500 a\u00f1os de fundaci\u00f3n de la <a href=\"https:\/\/sertv.gob.pa\/crisolfm\/morpho-nueva-propuesta-de-la-compania-de-danza-gramo-danse\/\"> [&#8230;]<\/a><\/p>\n","protected":false},"author":64,"featured_media":19596,"comment_status":"closed","ping_status":"closed","sticky":false,"template":"","format":"standard","meta":{"footnotes":""},"categories":[6],"tags":[],"class_list":["post-19595","post","type-post","status-publish","format-standard","has-post-thumbnail","hentry","category-culturales"],"_links":{"self":[{"href":"https:\/\/sertv.gob.pa\/crisolfm\/wp-json\/wp\/v2\/posts\/19595","targetHints":{"allow":["GET"]}}],"collection":[{"href":"https:\/\/sertv.gob.pa\/crisolfm\/wp-json\/wp\/v2\/posts"}],"about":[{"href":"https:\/\/sertv.gob.pa\/crisolfm\/wp-json\/wp\/v2\/types\/post"}],"author":[{"embeddable":true,"href":"https:\/\/sertv.gob.pa\/crisolfm\/wp-json\/wp\/v2\/users\/64"}],"replies":[{"embeddable":true,"href":"https:\/\/sertv.gob.pa\/crisolfm\/wp-json\/wp\/v2\/comments?post=19595"}],"version-history":[{"count":1,"href":"https:\/\/sertv.gob.pa\/crisolfm\/wp-json\/wp\/v2\/posts\/19595\/revisions"}],"predecessor-version":[{"id":19597,"href":"https:\/\/sertv.gob.pa\/crisolfm\/wp-json\/wp\/v2\/posts\/19595\/revisions\/19597"}],"wp:featuredmedia":[{"embeddable":true,"href":"https:\/\/sertv.gob.pa\/crisolfm\/wp-json\/wp\/v2\/media\/19596"}],"wp:attachment":[{"href":"https:\/\/sertv.gob.pa\/crisolfm\/wp-json\/wp\/v2\/media?parent=19595"}],"wp:term":[{"taxonomy":"category","embeddable":true,"href":"https:\/\/sertv.gob.pa\/crisolfm\/wp-json\/wp\/v2\/categories?post=19595"},{"taxonomy":"post_tag","embeddable":true,"href":"https:\/\/sertv.gob.pa\/crisolfm\/wp-json\/wp\/v2\/tags?post=19595"}],"curies":[{"name":"wp","href":"https:\/\/api.w.org\/{rel}","templated":true}]}}