{"id":19607,"date":"2019-05-03T14:52:23","date_gmt":"2019-05-03T14:52:23","guid":{"rendered":"https:\/\/sertv.gob.pa\/crisolfm\/?p=19607"},"modified":"2019-05-03T14:52:23","modified_gmt":"2019-05-03T14:52:23","slug":"colombia-lanza-un-plan-para-contener-la-deforestacion-de-bosques-y-selvas","status":"publish","type":"post","link":"https:\/\/sertv.gob.pa\/crisolfm\/colombia-lanza-un-plan-para-contener-la-deforestacion-de-bosques-y-selvas\/","title":{"rendered":"Colombia lanza un plan para contener la deforestaci\u00f3n de bosques y selvas"},"content":{"rendered":"<p>Colombia, el segundo pa\u00eds del mundo con m\u00e1s biodiversidad, ha lanzado este domingo una estrategia para<strong> frenar la deforestaci\u00f3n de bosques<\/strong> y selvas en sus parques naturales a trav\u00e9s de un incremento de la vigilancia con aeronaves no tripuladas y de las Fuerzas Armadas. El presidente colombiano, Iv\u00e1n Duque, ha se\u00f1alado que la iniciativa forma parte de la pol\u00edtica de defensa y seguridad de su Gobierno que declar\u00f3 el agua, la biodiversidad y el medio ambiente como un asunto de inter\u00e9s nacional.<\/p>\n<p>\u00abEs una campa\u00f1a que busca enfrentar<em> el crimen de la deforestaci\u00f3n que ha venido afectando nuestro pa\u00eds<\/em>\u00ab, ha indicado el mandatario en una declaraci\u00f3n desde la base militar de este municipio del suroeste del pa\u00eds. El pa\u00eds sudamericano cuenta con 59 parques nacionales con una extensi\u00f3n de 11,6 millones de hect\u00e1reas, pero anualmente se deforestan unas 200.000 hect\u00e1reas para actividades de agricultura, ganader\u00eda, siembra de cultivos ilegales como los de hoja de coca y la miner\u00eda ilegal.<\/p>\n<p>\u00abEs triste decirlo, pero <strong>Colombia ha derribado cerca de 200.000 hect\u00e1reas por a\u00f1o de sus bosques<\/strong>, de su selva tropical h\u00fameda\u00bb, ha detallado el dirigente. Por su parte, el ministro de Defensa, Guillermo Botero, ha subrayado que la estrategia busca proteger el patrimonio ambiental del pa\u00eds y ha anunciado que en la primera fase de la estrategia denominada \u00abArtemisa\u00bb fueron capturadas 10 personas y se ha confiscado <em>maquinaria utilizada para deforestar la selva.<\/em><\/p>\n<p>ECOticias<\/p>\n","protected":false},"excerpt":{"rendered":"<p>Colombia, el segundo pa\u00eds del mundo con m\u00e1s biodiversidad, ha <a href=\"https:\/\/sertv.gob.pa\/crisolfm\/colombia-lanza-un-plan-para-contener-la-deforestacion-de-bosques-y-selvas\/\"> [&#8230;]<\/a><\/p>\n","protected":false},"author":64,"featured_media":19608,"comment_status":"closed","ping_status":"closed","sticky":false,"template":"","format":"standard","meta":{"footnotes":""},"categories":[7],"tags":[],"class_list":["post-19607","post","type-post","status-publish","format-standard","has-post-thumbnail","hentry","category-ecologicas"],"_links":{"self":[{"href":"https:\/\/sertv.gob.pa\/crisolfm\/wp-json\/wp\/v2\/posts\/19607","targetHints":{"allow":["GET"]}}],"collection":[{"href":"https:\/\/sertv.gob.pa\/crisolfm\/wp-json\/wp\/v2\/posts"}],"about":[{"href":"https:\/\/sertv.gob.pa\/crisolfm\/wp-json\/wp\/v2\/types\/post"}],"author":[{"embeddable":true,"href":"https:\/\/sertv.gob.pa\/crisolfm\/wp-json\/wp\/v2\/users\/64"}],"replies":[{"embeddable":true,"href":"https:\/\/sertv.gob.pa\/crisolfm\/wp-json\/wp\/v2\/comments?post=19607"}],"version-history":[{"count":1,"href":"https:\/\/sertv.gob.pa\/crisolfm\/wp-json\/wp\/v2\/posts\/19607\/revisions"}],"predecessor-version":[{"id":19609,"href":"https:\/\/sertv.gob.pa\/crisolfm\/wp-json\/wp\/v2\/posts\/19607\/revisions\/19609"}],"wp:featuredmedia":[{"embeddable":true,"href":"https:\/\/sertv.gob.pa\/crisolfm\/wp-json\/wp\/v2\/media\/19608"}],"wp:attachment":[{"href":"https:\/\/sertv.gob.pa\/crisolfm\/wp-json\/wp\/v2\/media?parent=19607"}],"wp:term":[{"taxonomy":"category","embeddable":true,"href":"https:\/\/sertv.gob.pa\/crisolfm\/wp-json\/wp\/v2\/categories?post=19607"},{"taxonomy":"post_tag","embeddable":true,"href":"https:\/\/sertv.gob.pa\/crisolfm\/wp-json\/wp\/v2\/tags?post=19607"}],"curies":[{"name":"wp","href":"https:\/\/api.w.org\/{rel}","templated":true}]}}