{"id":19628,"date":"2019-05-06T13:38:16","date_gmt":"2019-05-06T13:38:16","guid":{"rendered":"https:\/\/sertv.gob.pa\/crisolfm\/?p=19628"},"modified":"2019-05-06T13:38:16","modified_gmt":"2019-05-06T13:38:16","slug":"dictaran-taller-teoria-del-color-aplicada-a-la-pintura","status":"publish","type":"post","link":"https:\/\/sertv.gob.pa\/crisolfm\/dictaran-taller-teoria-del-color-aplicada-a-la-pintura\/","title":{"rendered":"Dictar\u00e1n taller \u201cTeor\u00eda del color aplicada a la pintura\u201d"},"content":{"rendered":"<p>La Fundaci\u00f3n Alem\u00e1n Healy llevar\u00e1 a cabo el taller \u2018Teor\u00eda del color aplicada a la pintura&#8217;, dictado por Ces\u00e1reo Young.<\/p>\n<p>Las clases ser\u00e1n del 14 al 28 de mayo de 2019, todos los martes desde las 6:00 de la tarde hasta la 8:00 de la noche. Este taller ser\u00e1 impartido \u00fanicamente para mayores de 16 a\u00f1os.<\/p>\n<p>El curso tiene un valor de $80. Para reservas escribir al info@fundahrte.org, o contactar al 226-6866.<\/p>\n","protected":false},"excerpt":{"rendered":"<p>La Fundaci\u00f3n Alem\u00e1n Healy llevar\u00e1 a cabo el taller \u2018Teor\u00eda <a href=\"https:\/\/sertv.gob.pa\/crisolfm\/dictaran-taller-teoria-del-color-aplicada-a-la-pintura\/\"> [&#8230;]<\/a><\/p>\n","protected":false},"author":64,"featured_media":19629,"comment_status":"closed","ping_status":"closed","sticky":false,"template":"","format":"standard","meta":{"footnotes":""},"categories":[6],"tags":[],"class_list":["post-19628","post","type-post","status-publish","format-standard","has-post-thumbnail","hentry","category-culturales"],"_links":{"self":[{"href":"https:\/\/sertv.gob.pa\/crisolfm\/wp-json\/wp\/v2\/posts\/19628","targetHints":{"allow":["GET"]}}],"collection":[{"href":"https:\/\/sertv.gob.pa\/crisolfm\/wp-json\/wp\/v2\/posts"}],"about":[{"href":"https:\/\/sertv.gob.pa\/crisolfm\/wp-json\/wp\/v2\/types\/post"}],"author":[{"embeddable":true,"href":"https:\/\/sertv.gob.pa\/crisolfm\/wp-json\/wp\/v2\/users\/64"}],"replies":[{"embeddable":true,"href":"https:\/\/sertv.gob.pa\/crisolfm\/wp-json\/wp\/v2\/comments?post=19628"}],"version-history":[{"count":1,"href":"https:\/\/sertv.gob.pa\/crisolfm\/wp-json\/wp\/v2\/posts\/19628\/revisions"}],"predecessor-version":[{"id":19630,"href":"https:\/\/sertv.gob.pa\/crisolfm\/wp-json\/wp\/v2\/posts\/19628\/revisions\/19630"}],"wp:featuredmedia":[{"embeddable":true,"href":"https:\/\/sertv.gob.pa\/crisolfm\/wp-json\/wp\/v2\/media\/19629"}],"wp:attachment":[{"href":"https:\/\/sertv.gob.pa\/crisolfm\/wp-json\/wp\/v2\/media?parent=19628"}],"wp:term":[{"taxonomy":"category","embeddable":true,"href":"https:\/\/sertv.gob.pa\/crisolfm\/wp-json\/wp\/v2\/categories?post=19628"},{"taxonomy":"post_tag","embeddable":true,"href":"https:\/\/sertv.gob.pa\/crisolfm\/wp-json\/wp\/v2\/tags?post=19628"}],"curies":[{"name":"wp","href":"https:\/\/api.w.org\/{rel}","templated":true}]}}