{"id":19631,"date":"2019-05-06T13:52:24","date_gmt":"2019-05-06T13:52:24","guid":{"rendered":"https:\/\/sertv.gob.pa\/crisolfm\/?p=19631"},"modified":"2019-05-06T13:52:24","modified_gmt":"2019-05-06T13:52:24","slug":"escritor-y-periodista-publica-libro-leyendas-chiricanas","status":"publish","type":"post","link":"https:\/\/sertv.gob.pa\/crisolfm\/escritor-y-periodista-publica-libro-leyendas-chiricanas\/","title":{"rendered":"Escritor y periodista publica libro \u201cLeyendas Chiricanas\u201d"},"content":{"rendered":"<p>El escritor y periodista paname\u00f1o, C\u00e9sar El\u00edas Samudio, public\u00f3 el libro \u201cLeyendas Chiricanas\u201d, que contiene 40 relatos con t\u00f3picos universales adaptados a Chiriqu\u00ed.<\/p>\n<p>Samudio manifest\u00f3 que ha tenido excelente aceptaci\u00f3n del p\u00fablico y es usado en las escuelas chiricanas como un libro de lectura, debido a que fue aprobado como texto educativo para la materia Espa\u00f1ol, por la Direcci\u00f3n de Curricular y Tecnolog\u00eda Educativa del Ministerio de Educaci\u00f3n. \u201cB\u00e1sicamente se usa para despertar el inter\u00e9s de los j\u00f3venes por la lectura\u201d, explic\u00f3 el autor.<\/p>\n<p>Samudio agreg\u00f3 que \u00e9ste ser\u00eda su sexto libro publicado, para el cual se inspir\u00f3 en las historias del sitio donde naci\u00f3 y creci\u00f3, un ambiente donde las personas contaban an\u00e9cdotas como un entretenimiento en la poblaci\u00f3n, porque era una \u00e9poca en la que solo exist\u00eda la radio.<\/p>\n<p>&nbsp;<\/p>\n<p>&nbsp;<\/p>\n<p>&nbsp;<\/p>\n","protected":false},"excerpt":{"rendered":"<p>El escritor y periodista paname\u00f1o, C\u00e9sar El\u00edas Samudio, public\u00f3 el <a href=\"https:\/\/sertv.gob.pa\/crisolfm\/escritor-y-periodista-publica-libro-leyendas-chiricanas\/\"> [&#8230;]<\/a><\/p>\n","protected":false},"author":64,"featured_media":19632,"comment_status":"closed","ping_status":"closed","sticky":false,"template":"","format":"standard","meta":{"footnotes":""},"categories":[6],"tags":[],"class_list":["post-19631","post","type-post","status-publish","format-standard","has-post-thumbnail","hentry","category-culturales"],"_links":{"self":[{"href":"https:\/\/sertv.gob.pa\/crisolfm\/wp-json\/wp\/v2\/posts\/19631","targetHints":{"allow":["GET"]}}],"collection":[{"href":"https:\/\/sertv.gob.pa\/crisolfm\/wp-json\/wp\/v2\/posts"}],"about":[{"href":"https:\/\/sertv.gob.pa\/crisolfm\/wp-json\/wp\/v2\/types\/post"}],"author":[{"embeddable":true,"href":"https:\/\/sertv.gob.pa\/crisolfm\/wp-json\/wp\/v2\/users\/64"}],"replies":[{"embeddable":true,"href":"https:\/\/sertv.gob.pa\/crisolfm\/wp-json\/wp\/v2\/comments?post=19631"}],"version-history":[{"count":1,"href":"https:\/\/sertv.gob.pa\/crisolfm\/wp-json\/wp\/v2\/posts\/19631\/revisions"}],"predecessor-version":[{"id":19633,"href":"https:\/\/sertv.gob.pa\/crisolfm\/wp-json\/wp\/v2\/posts\/19631\/revisions\/19633"}],"wp:featuredmedia":[{"embeddable":true,"href":"https:\/\/sertv.gob.pa\/crisolfm\/wp-json\/wp\/v2\/media\/19632"}],"wp:attachment":[{"href":"https:\/\/sertv.gob.pa\/crisolfm\/wp-json\/wp\/v2\/media?parent=19631"}],"wp:term":[{"taxonomy":"category","embeddable":true,"href":"https:\/\/sertv.gob.pa\/crisolfm\/wp-json\/wp\/v2\/categories?post=19631"},{"taxonomy":"post_tag","embeddable":true,"href":"https:\/\/sertv.gob.pa\/crisolfm\/wp-json\/wp\/v2\/tags?post=19631"}],"curies":[{"name":"wp","href":"https:\/\/api.w.org\/{rel}","templated":true}]}}