{"id":19634,"date":"2019-05-06T14:25:30","date_gmt":"2019-05-06T14:25:30","guid":{"rendered":"https:\/\/sertv.gob.pa\/crisolfm\/?p=19634"},"modified":"2019-05-06T14:25:30","modified_gmt":"2019-05-06T14:25:30","slug":"leonardo-da-vinci-tuvo-lesion-del-nervio-ulnar-revela-estudio","status":"publish","type":"post","link":"https:\/\/sertv.gob.pa\/crisolfm\/leonardo-da-vinci-tuvo-lesion-del-nervio-ulnar-revela-estudio\/","title":{"rendered":"Leonardo Da Vinci tuvo lesi\u00f3n del nervio ulnar, revela estudio"},"content":{"rendered":"<p>Un estudio publicado en una revista m\u00e9dica brit\u00e1nica sostiene que Leonardo Da Vinci tuvo la mano derecha paralizada hacia el fin de su vida, lo que termin\u00f3 con su carrera art\u00edstica, a causa de una lesi\u00f3n nerviosa. En el estudio publicado el viernes en el Journal of the Royal Society of Medecine, el cirujano Davide Lazzeri y el neur\u00f3logo Carlo Rossi, que ejercen ambos en Italia, atribuyen esta discapacidad a una lesi\u00f3n nerviosa (par\u00e1lisis ulnar o cubital).<\/p>\n<p>Esto imped\u00eda a Leonardo Da Vinci, que este a\u00f1o se conmemoran los 500 a\u00f1os de su muerte, utilizar su mano derecha, aunque pudo seguir ense\u00f1ando y dibujando con la mano izquierda. Seg\u00fan Lazzeri, \u00abello podr\u00eda explicar, por lo tanto, porqu\u00e9 dej\u00f3 muchas obras sin terminar, entre ellas la Gioconda (o Mona Lisa), durante los \u00faltimos cinco a\u00f1os de carrera, tiempo en el que sigui\u00f3 ense\u00f1ando y dibujando\u00bb.<\/p>\n<p>Otro estudio, efectuado por investigadores del Museo degli Uffizi de Florencia, y publicado hace un mes, confirm\u00f3 que Leonardo Da Vinci fue capaz de escribir, dibujar y pintar con ambas manos, seg\u00fan un an\u00e1lisis de su obra m\u00e1s antigua.<\/p>\n<p>&nbsp;<\/p>\n","protected":false},"excerpt":{"rendered":"<p>Un estudio publicado en una revista m\u00e9dica brit\u00e1nica sostiene que <a href=\"https:\/\/sertv.gob.pa\/crisolfm\/leonardo-da-vinci-tuvo-lesion-del-nervio-ulnar-revela-estudio\/\"> [&#8230;]<\/a><\/p>\n","protected":false},"author":64,"featured_media":19635,"comment_status":"closed","ping_status":"closed","sticky":false,"template":"","format":"standard","meta":{"footnotes":""},"categories":[6],"tags":[],"class_list":["post-19634","post","type-post","status-publish","format-standard","has-post-thumbnail","hentry","category-culturales"],"_links":{"self":[{"href":"https:\/\/sertv.gob.pa\/crisolfm\/wp-json\/wp\/v2\/posts\/19634","targetHints":{"allow":["GET"]}}],"collection":[{"href":"https:\/\/sertv.gob.pa\/crisolfm\/wp-json\/wp\/v2\/posts"}],"about":[{"href":"https:\/\/sertv.gob.pa\/crisolfm\/wp-json\/wp\/v2\/types\/post"}],"author":[{"embeddable":true,"href":"https:\/\/sertv.gob.pa\/crisolfm\/wp-json\/wp\/v2\/users\/64"}],"replies":[{"embeddable":true,"href":"https:\/\/sertv.gob.pa\/crisolfm\/wp-json\/wp\/v2\/comments?post=19634"}],"version-history":[{"count":1,"href":"https:\/\/sertv.gob.pa\/crisolfm\/wp-json\/wp\/v2\/posts\/19634\/revisions"}],"predecessor-version":[{"id":19636,"href":"https:\/\/sertv.gob.pa\/crisolfm\/wp-json\/wp\/v2\/posts\/19634\/revisions\/19636"}],"wp:featuredmedia":[{"embeddable":true,"href":"https:\/\/sertv.gob.pa\/crisolfm\/wp-json\/wp\/v2\/media\/19635"}],"wp:attachment":[{"href":"https:\/\/sertv.gob.pa\/crisolfm\/wp-json\/wp\/v2\/media?parent=19634"}],"wp:term":[{"taxonomy":"category","embeddable":true,"href":"https:\/\/sertv.gob.pa\/crisolfm\/wp-json\/wp\/v2\/categories?post=19634"},{"taxonomy":"post_tag","embeddable":true,"href":"https:\/\/sertv.gob.pa\/crisolfm\/wp-json\/wp\/v2\/tags?post=19634"}],"curies":[{"name":"wp","href":"https:\/\/api.w.org\/{rel}","templated":true}]}}