{"id":19640,"date":"2019-05-06T14:41:15","date_gmt":"2019-05-06T14:41:15","guid":{"rendered":"https:\/\/sertv.gob.pa\/crisolfm\/?p=19640"},"modified":"2019-05-06T14:41:15","modified_gmt":"2019-05-06T14:41:15","slug":"los-franceses-seran-consultados-sobre-como-reconstruir-notre-dame","status":"publish","type":"post","link":"https:\/\/sertv.gob.pa\/crisolfm\/los-franceses-seran-consultados-sobre-como-reconstruir-notre-dame\/","title":{"rendered":"Los franceses ser\u00e1n consultados sobre c\u00f3mo reconstruir Notre Dame"},"content":{"rendered":"<p>Los ciudadanos franceses ser\u00e1n consultados sobre c\u00f3mo se debe reconstruir Notre Dame despu\u00e9s de que la ic\u00f3nica catedral fuera parcialmente destruida por un incendio el 15 de abril, indic\u00f3 el ministro de Cultura, Franck Riester. \u00abLos franceses podr\u00e1n expresarse, y entonces veremos qu\u00e9 decisi\u00f3n (se tomar\u00e1) y c\u00f3mo se restaurar\u00e1 Notre Dame\u00bb, dijo Riester a la cadena LCI.<\/p>\n<p>Prometi\u00f3 un \u00abdebate y una gran consulta\u00bb, aunque el gobierno tendr\u00e1 la \u00faltima palabra sobre la restauraci\u00f3n de este s\u00edmbolo de Par\u00eds, que el presidente Emmanuel Macron ha prometido restaurar en cinco a\u00f1os. El techo y la aguja de la iglesia fueron destruidos en el incendio, cuyo origen est\u00e1 siendo investigado.<\/p>\n<p>AFP<\/p>\n","protected":false},"excerpt":{"rendered":"<p>Los ciudadanos franceses ser\u00e1n consultados sobre c\u00f3mo se debe reconstruir <a href=\"https:\/\/sertv.gob.pa\/crisolfm\/los-franceses-seran-consultados-sobre-como-reconstruir-notre-dame\/\"> [&#8230;]<\/a><\/p>\n","protected":false},"author":64,"featured_media":19641,"comment_status":"closed","ping_status":"closed","sticky":false,"template":"","format":"standard","meta":{"footnotes":""},"categories":[6],"tags":[],"class_list":["post-19640","post","type-post","status-publish","format-standard","has-post-thumbnail","hentry","category-culturales"],"_links":{"self":[{"href":"https:\/\/sertv.gob.pa\/crisolfm\/wp-json\/wp\/v2\/posts\/19640","targetHints":{"allow":["GET"]}}],"collection":[{"href":"https:\/\/sertv.gob.pa\/crisolfm\/wp-json\/wp\/v2\/posts"}],"about":[{"href":"https:\/\/sertv.gob.pa\/crisolfm\/wp-json\/wp\/v2\/types\/post"}],"author":[{"embeddable":true,"href":"https:\/\/sertv.gob.pa\/crisolfm\/wp-json\/wp\/v2\/users\/64"}],"replies":[{"embeddable":true,"href":"https:\/\/sertv.gob.pa\/crisolfm\/wp-json\/wp\/v2\/comments?post=19640"}],"version-history":[{"count":1,"href":"https:\/\/sertv.gob.pa\/crisolfm\/wp-json\/wp\/v2\/posts\/19640\/revisions"}],"predecessor-version":[{"id":19642,"href":"https:\/\/sertv.gob.pa\/crisolfm\/wp-json\/wp\/v2\/posts\/19640\/revisions\/19642"}],"wp:featuredmedia":[{"embeddable":true,"href":"https:\/\/sertv.gob.pa\/crisolfm\/wp-json\/wp\/v2\/media\/19641"}],"wp:attachment":[{"href":"https:\/\/sertv.gob.pa\/crisolfm\/wp-json\/wp\/v2\/media?parent=19640"}],"wp:term":[{"taxonomy":"category","embeddable":true,"href":"https:\/\/sertv.gob.pa\/crisolfm\/wp-json\/wp\/v2\/categories?post=19640"},{"taxonomy":"post_tag","embeddable":true,"href":"https:\/\/sertv.gob.pa\/crisolfm\/wp-json\/wp\/v2\/tags?post=19640"}],"curies":[{"name":"wp","href":"https:\/\/api.w.org\/{rel}","templated":true}]}}