{"id":19652,"date":"2019-05-06T16:06:56","date_gmt":"2019-05-06T16:06:56","guid":{"rendered":"https:\/\/sertv.gob.pa\/crisolfm\/?p=19652"},"modified":"2019-05-06T16:06:56","modified_gmt":"2019-05-06T16:06:56","slug":"la-contaminacion-del-aire-ya-causa-mas-muertes-que-el-tabaco-en-todo-el-mundo","status":"publish","type":"post","link":"https:\/\/sertv.gob.pa\/crisolfm\/la-contaminacion-del-aire-ya-causa-mas-muertes-que-el-tabaco-en-todo-el-mundo\/","title":{"rendered":"La contaminaci\u00f3n del aire ya causa m\u00e1s muertes que el tabaco en todo el mundo"},"content":{"rendered":"<p>La <strong>contaminaci\u00f3n atmosf\u00e9rica<\/strong> ha podido causar en torno a<strong> 8,8 millones de muertes en todo el mundo en 2015<\/strong>, casi<strong> el doble<\/strong> de lo que se calculaba hasta ahora, seg\u00fan revela un estudio publicado por la publicaci\u00f3n<em> European Heart Journal<\/em>. La investigaci\u00f3n, desarrollada por el <strong>Instituto Max-Planck de Qu\u00edmica<\/strong> y la <strong>Universidad M\u00e9dica de Mainz<\/strong> (ambos en Alemania), examin\u00f3 con nuevo modelo los efectos de varias fuentes de contaminaci\u00f3n ambiental sobre la tasa de mortalidad.<\/p>\n<p>Constataron que se produjeron <strong>790.000 muertes adicionales en toda Europa<\/strong> y <strong>659.000 en la Uni\u00f3n Europea<\/strong> (UE) durante 2015, en torno al doble de las cifras estimadas anteriormente. De esos totales,<strong> entre el 40 y el 80 % de las muertes se debieron a enfermedades cardiovasculares<\/strong> (CVD, sus siglas en ingl\u00e9s), como ataques o fallos card\u00edacos, lo que sugiere que la poluci\u00f3n ambiental caus\u00f3 el doble de muertes por CVD que por enfermedades respiratorias.<\/p>\n<p>Por poner un ejemplo, esto significa que<strong> la contaminaci\u00f3n del aire causa m\u00e1s muertes extra al a\u00f1o que el tabaco,<\/strong> que, seg\u00fan la<strong> Organizaci\u00f3n Mundial de la Salud<\/strong> (OMS), fue responsable de 7,2 millones de muertes adicionales en 2015.<strong> Fumar es evitable, pero la contaminaci\u00f3n del aire no lo es<\/strong>\u00ab, recuerda en un comunicado el coautor del estudio <strong>Thomas M\u00fcnzel<\/strong>, de la Universidad de Mainz.<\/p>\n<p>El Espa\u00f1ol<\/p>\n","protected":false},"excerpt":{"rendered":"<p>La contaminaci\u00f3n atmosf\u00e9rica ha podido causar en torno a 8,8 <a href=\"https:\/\/sertv.gob.pa\/crisolfm\/la-contaminacion-del-aire-ya-causa-mas-muertes-que-el-tabaco-en-todo-el-mundo\/\"> [&#8230;]<\/a><\/p>\n","protected":false},"author":64,"featured_media":19653,"comment_status":"closed","ping_status":"closed","sticky":false,"template":"","format":"standard","meta":{"footnotes":""},"categories":[7],"tags":[],"class_list":["post-19652","post","type-post","status-publish","format-standard","has-post-thumbnail","hentry","category-ecologicas"],"_links":{"self":[{"href":"https:\/\/sertv.gob.pa\/crisolfm\/wp-json\/wp\/v2\/posts\/19652","targetHints":{"allow":["GET"]}}],"collection":[{"href":"https:\/\/sertv.gob.pa\/crisolfm\/wp-json\/wp\/v2\/posts"}],"about":[{"href":"https:\/\/sertv.gob.pa\/crisolfm\/wp-json\/wp\/v2\/types\/post"}],"author":[{"embeddable":true,"href":"https:\/\/sertv.gob.pa\/crisolfm\/wp-json\/wp\/v2\/users\/64"}],"replies":[{"embeddable":true,"href":"https:\/\/sertv.gob.pa\/crisolfm\/wp-json\/wp\/v2\/comments?post=19652"}],"version-history":[{"count":1,"href":"https:\/\/sertv.gob.pa\/crisolfm\/wp-json\/wp\/v2\/posts\/19652\/revisions"}],"predecessor-version":[{"id":19654,"href":"https:\/\/sertv.gob.pa\/crisolfm\/wp-json\/wp\/v2\/posts\/19652\/revisions\/19654"}],"wp:featuredmedia":[{"embeddable":true,"href":"https:\/\/sertv.gob.pa\/crisolfm\/wp-json\/wp\/v2\/media\/19653"}],"wp:attachment":[{"href":"https:\/\/sertv.gob.pa\/crisolfm\/wp-json\/wp\/v2\/media?parent=19652"}],"wp:term":[{"taxonomy":"category","embeddable":true,"href":"https:\/\/sertv.gob.pa\/crisolfm\/wp-json\/wp\/v2\/categories?post=19652"},{"taxonomy":"post_tag","embeddable":true,"href":"https:\/\/sertv.gob.pa\/crisolfm\/wp-json\/wp\/v2\/tags?post=19652"}],"curies":[{"name":"wp","href":"https:\/\/api.w.org\/{rel}","templated":true}]}}