{"id":19664,"date":"2019-05-07T14:04:16","date_gmt":"2019-05-07T14:04:16","guid":{"rendered":"https:\/\/sertv.gob.pa\/crisolfm\/?p=19664"},"modified":"2019-05-07T14:04:16","modified_gmt":"2019-05-07T14:04:16","slug":"presentacion-de-obra-literaria-en-la-universidad-de-panama","status":"publish","type":"post","link":"https:\/\/sertv.gob.pa\/crisolfm\/presentacion-de-obra-literaria-en-la-universidad-de-panama\/","title":{"rendered":"Presentaci\u00f3n de obra literaria en la Universidad de Panam\u00e1"},"content":{"rendered":"<p>La Universidad de Panam\u00e1 presenta \u201cPresos. Voces de hombres en el encierro\u201d, que retrata la vida de los privados de libertad de la c\u00e1rcel de La Chorrera Olmedo Garc\u00eda.<\/p>\n<p>El acto ser\u00e1 ma\u00f1ana mi\u00e9rcoles 8 de mayo, a las 10:00 a.m., en el sal\u00f3n de profesores de la Facultad de Humanidades. Entrada libre.<\/p>\n","protected":false},"excerpt":{"rendered":"<p>La Universidad de Panam\u00e1 presenta \u201cPresos. Voces de hombres en <a href=\"https:\/\/sertv.gob.pa\/crisolfm\/presentacion-de-obra-literaria-en-la-universidad-de-panama\/\"> [&#8230;]<\/a><\/p>\n","protected":false},"author":64,"featured_media":19665,"comment_status":"closed","ping_status":"closed","sticky":false,"template":"","format":"standard","meta":{"footnotes":""},"categories":[6],"tags":[],"class_list":["post-19664","post","type-post","status-publish","format-standard","has-post-thumbnail","hentry","category-culturales"],"_links":{"self":[{"href":"https:\/\/sertv.gob.pa\/crisolfm\/wp-json\/wp\/v2\/posts\/19664","targetHints":{"allow":["GET"]}}],"collection":[{"href":"https:\/\/sertv.gob.pa\/crisolfm\/wp-json\/wp\/v2\/posts"}],"about":[{"href":"https:\/\/sertv.gob.pa\/crisolfm\/wp-json\/wp\/v2\/types\/post"}],"author":[{"embeddable":true,"href":"https:\/\/sertv.gob.pa\/crisolfm\/wp-json\/wp\/v2\/users\/64"}],"replies":[{"embeddable":true,"href":"https:\/\/sertv.gob.pa\/crisolfm\/wp-json\/wp\/v2\/comments?post=19664"}],"version-history":[{"count":1,"href":"https:\/\/sertv.gob.pa\/crisolfm\/wp-json\/wp\/v2\/posts\/19664\/revisions"}],"predecessor-version":[{"id":19666,"href":"https:\/\/sertv.gob.pa\/crisolfm\/wp-json\/wp\/v2\/posts\/19664\/revisions\/19666"}],"wp:featuredmedia":[{"embeddable":true,"href":"https:\/\/sertv.gob.pa\/crisolfm\/wp-json\/wp\/v2\/media\/19665"}],"wp:attachment":[{"href":"https:\/\/sertv.gob.pa\/crisolfm\/wp-json\/wp\/v2\/media?parent=19664"}],"wp:term":[{"taxonomy":"category","embeddable":true,"href":"https:\/\/sertv.gob.pa\/crisolfm\/wp-json\/wp\/v2\/categories?post=19664"},{"taxonomy":"post_tag","embeddable":true,"href":"https:\/\/sertv.gob.pa\/crisolfm\/wp-json\/wp\/v2\/tags?post=19664"}],"curies":[{"name":"wp","href":"https:\/\/api.w.org\/{rel}","templated":true}]}}