{"id":19670,"date":"2019-05-07T14:22:35","date_gmt":"2019-05-07T14:22:35","guid":{"rendered":"https:\/\/sertv.gob.pa\/crisolfm\/?p=19670"},"modified":"2019-05-07T14:22:35","modified_gmt":"2019-05-07T14:22:35","slug":"la-bienal-de-arte-de-venecia-expone-restos-del-mayor-naufragio-en-el-mediterraneo","status":"publish","type":"post","link":"https:\/\/sertv.gob.pa\/crisolfm\/la-bienal-de-arte-de-venecia-expone-restos-del-mayor-naufragio-en-el-mediterraneo\/","title":{"rendered":"La Bienal de Arte de Venecia expone restos del mayor naufragio en el Mediterr\u00e1neo"},"content":{"rendered":"<p>La Bienal de Venecia se inaugura el s\u00e1bado como una invitaci\u00f3n a reflexionar sobre las migraciones, uno de los fen\u00f3menos del siglo XXI. Desde este martes ya se pueden ver restos del mayor naufragio en el Mediterr\u00e1neo y una instalaci\u00f3n que hace alusi\u00f3n al muro entre M\u00e9xico y Estados Unidos.<\/p>\n<p>Los restos de la nave del mayor naufragio en el Mediterr\u00e1neo, ocurrido en abril del 2015, en el que perdieron la vida unos 800 migrantes en el Canal de Sicilia permanecer\u00e1n anclados en las aguas del Arsenal, los inmensos astilleros venecianos donde se exponen las obras de renombrados artistas de todo el mundo, como un homenaje a la memoria y a los inmigrantes que huyen de sus tierras en busca de refugio y una vida mejor.<\/p>\n<p>\u00abLos restos han sido instalados en un lugar silencioso, lejos del ruido, una invitaci\u00f3n al silencio y a la reflexi\u00f3n\u00bb, explic\u00f3 a la prensa el presidente de la Bienal, Paolo Baratta.<\/p>\n<p>AFP<\/p>\n","protected":false},"excerpt":{"rendered":"<p>La Bienal de Venecia se inaugura el s\u00e1bado como una <a href=\"https:\/\/sertv.gob.pa\/crisolfm\/la-bienal-de-arte-de-venecia-expone-restos-del-mayor-naufragio-en-el-mediterraneo\/\"> [&#8230;]<\/a><\/p>\n","protected":false},"author":64,"featured_media":19671,"comment_status":"closed","ping_status":"closed","sticky":false,"template":"","format":"standard","meta":{"footnotes":""},"categories":[6],"tags":[],"class_list":["post-19670","post","type-post","status-publish","format-standard","has-post-thumbnail","hentry","category-culturales"],"_links":{"self":[{"href":"https:\/\/sertv.gob.pa\/crisolfm\/wp-json\/wp\/v2\/posts\/19670","targetHints":{"allow":["GET"]}}],"collection":[{"href":"https:\/\/sertv.gob.pa\/crisolfm\/wp-json\/wp\/v2\/posts"}],"about":[{"href":"https:\/\/sertv.gob.pa\/crisolfm\/wp-json\/wp\/v2\/types\/post"}],"author":[{"embeddable":true,"href":"https:\/\/sertv.gob.pa\/crisolfm\/wp-json\/wp\/v2\/users\/64"}],"replies":[{"embeddable":true,"href":"https:\/\/sertv.gob.pa\/crisolfm\/wp-json\/wp\/v2\/comments?post=19670"}],"version-history":[{"count":1,"href":"https:\/\/sertv.gob.pa\/crisolfm\/wp-json\/wp\/v2\/posts\/19670\/revisions"}],"predecessor-version":[{"id":19672,"href":"https:\/\/sertv.gob.pa\/crisolfm\/wp-json\/wp\/v2\/posts\/19670\/revisions\/19672"}],"wp:featuredmedia":[{"embeddable":true,"href":"https:\/\/sertv.gob.pa\/crisolfm\/wp-json\/wp\/v2\/media\/19671"}],"wp:attachment":[{"href":"https:\/\/sertv.gob.pa\/crisolfm\/wp-json\/wp\/v2\/media?parent=19670"}],"wp:term":[{"taxonomy":"category","embeddable":true,"href":"https:\/\/sertv.gob.pa\/crisolfm\/wp-json\/wp\/v2\/categories?post=19670"},{"taxonomy":"post_tag","embeddable":true,"href":"https:\/\/sertv.gob.pa\/crisolfm\/wp-json\/wp\/v2\/tags?post=19670"}],"curies":[{"name":"wp","href":"https:\/\/api.w.org\/{rel}","templated":true}]}}