{"id":19685,"date":"2019-05-07T15:25:21","date_gmt":"2019-05-07T15:25:21","guid":{"rendered":"https:\/\/sertv.gob.pa\/crisolfm\/?p=19685"},"modified":"2019-05-07T15:25:21","modified_gmt":"2019-05-07T15:25:21","slug":"lloseta-tendra-en-2021-la-mayor-planta-de-generacion-de-hidrogeno-de-la-ue","status":"publish","type":"post","link":"https:\/\/sertv.gob.pa\/crisolfm\/lloseta-tendra-en-2021-la-mayor-planta-de-generacion-de-hidrogeno-de-la-ue\/","title":{"rendered":"Lloseta tendr\u00e1 en 2021 la mayor planta de generaci\u00f3n de hidr\u00f3geno de la UE"},"content":{"rendered":"<p>La f\u00e1brica de Cemex en Lloseta se convertir\u00e1 en una planta de producci\u00f3n y distribuci\u00f3n de hidr\u00f3geno en 2021, una iniciativa \u00abpionera en la Uni\u00f3n Europea\u00bb que servir\u00e1 para \u00abempezar a descarbonizar la econom\u00eda\u00bb y \u00abluchar contra el cambio clim\u00e1tico\u00bb, seg\u00fan han explicado este martes distintas autoridades del Ministerio de Industria y del Govern balear en la presentaci\u00f3n del proyecto &#8216;<strong>Power to green hydrogen Mallorca<\/strong>&#8216;.<\/p>\n<p>Las empresas Acciona, Enag\u00e1s, Redexis y Cemex invertir\u00e1n 50 millones de euros en este proyecto, que permitir\u00e1, entre otras cosas, suministrar hidr\u00f3geno a plantas hoteleras, pol\u00edgonos, &#8216;rent a cars&#8217; del aeropuerto y, especialmente, a los autobuses que ha cedido la EMT y que pasar\u00edan a ser \u00ab100 por libre de emisiones\u00bb gracias a la emisi\u00f3n de \u00fanicamente vapor de agua por sus tubos de escape.<\/p>\n<p>La presentaci\u00f3n de <strong>&#8216;Power to green hydrogen Mallorca&#8217;<\/strong> ha contado con la participaci\u00f3n de la presidenta del Govern, Francina Armengol; el conseller de Trabajo, Comercio e Industria, Iago Negueruela; el secretario general de Industria y de la Peque\u00f1a y Mediana Empresa del Gobierno central, Ra\u00fal Blanco, y el representante del Instituto para la Diversificaci\u00f3n y Ahorro de la Energ\u00eda (IDAE) Santiago Gonz\u00e1lez.<\/p>\n<p>ECOticias<\/p>\n","protected":false},"excerpt":{"rendered":"<p>La f\u00e1brica de Cemex en Lloseta se convertir\u00e1 en una <a href=\"https:\/\/sertv.gob.pa\/crisolfm\/lloseta-tendra-en-2021-la-mayor-planta-de-generacion-de-hidrogeno-de-la-ue\/\"> [&#8230;]<\/a><\/p>\n","protected":false},"author":64,"featured_media":19686,"comment_status":"closed","ping_status":"closed","sticky":false,"template":"","format":"standard","meta":{"footnotes":""},"categories":[7],"tags":[],"class_list":["post-19685","post","type-post","status-publish","format-standard","has-post-thumbnail","hentry","category-ecologicas"],"_links":{"self":[{"href":"https:\/\/sertv.gob.pa\/crisolfm\/wp-json\/wp\/v2\/posts\/19685","targetHints":{"allow":["GET"]}}],"collection":[{"href":"https:\/\/sertv.gob.pa\/crisolfm\/wp-json\/wp\/v2\/posts"}],"about":[{"href":"https:\/\/sertv.gob.pa\/crisolfm\/wp-json\/wp\/v2\/types\/post"}],"author":[{"embeddable":true,"href":"https:\/\/sertv.gob.pa\/crisolfm\/wp-json\/wp\/v2\/users\/64"}],"replies":[{"embeddable":true,"href":"https:\/\/sertv.gob.pa\/crisolfm\/wp-json\/wp\/v2\/comments?post=19685"}],"version-history":[{"count":1,"href":"https:\/\/sertv.gob.pa\/crisolfm\/wp-json\/wp\/v2\/posts\/19685\/revisions"}],"predecessor-version":[{"id":19687,"href":"https:\/\/sertv.gob.pa\/crisolfm\/wp-json\/wp\/v2\/posts\/19685\/revisions\/19687"}],"wp:featuredmedia":[{"embeddable":true,"href":"https:\/\/sertv.gob.pa\/crisolfm\/wp-json\/wp\/v2\/media\/19686"}],"wp:attachment":[{"href":"https:\/\/sertv.gob.pa\/crisolfm\/wp-json\/wp\/v2\/media?parent=19685"}],"wp:term":[{"taxonomy":"category","embeddable":true,"href":"https:\/\/sertv.gob.pa\/crisolfm\/wp-json\/wp\/v2\/categories?post=19685"},{"taxonomy":"post_tag","embeddable":true,"href":"https:\/\/sertv.gob.pa\/crisolfm\/wp-json\/wp\/v2\/tags?post=19685"}],"curies":[{"name":"wp","href":"https:\/\/api.w.org\/{rel}","templated":true}]}}