{"id":19688,"date":"2019-05-07T15:36:20","date_gmt":"2019-05-07T15:36:20","guid":{"rendered":"https:\/\/sertv.gob.pa\/crisolfm\/?p=19688"},"modified":"2019-05-07T15:36:20","modified_gmt":"2019-05-07T15:36:20","slug":"europa-exige-a-espana-planes-de-control-de-la-contaminacion-atmosferica","status":"publish","type":"post","link":"https:\/\/sertv.gob.pa\/crisolfm\/europa-exige-a-espana-planes-de-control-de-la-contaminacion-atmosferica\/","title":{"rendered":"Europa exige a Espa\u00f1a planes de control de la contaminaci\u00f3n atmosf\u00e9rica"},"content":{"rendered":"<p>La Comisi\u00f3n Europea ha pedido a Espa\u00f1a y otros catorce pa\u00edses de la Uni\u00f3n Europea que entreguen sus programas nacionales de control de<strong> la contaminaci\u00f3n atmosf\u00e9rica<\/strong>, que las capitales deb\u00edan haber remitido a las autoridades europeas como muy tarde el pasado 1 de abril, seg\u00fan han explicado fuentes comunitarias.<\/p>\n<p>En concreto, Bruselas envi\u00f3 el 10 de abril una carta a todos los pa\u00edses que no han comunicado sus planes pidiendo informaci\u00f3n al respecto y recordando que est\u00e1n obligados a hacerlo tal y como establece la directiva sobre reducci\u00f3n de emisiones nacionales de determinados <em>contaminantes atmosf\u00e9ricos Adem\u00e1s de Espa\u00f1a<\/em>, el Ejecutivo comunitario todav\u00eda no tiene los programas de Francia, Alemania, Polonia, Bulgaria, Chipre, Rep\u00fablica Checa, Grecia, Hungr\u00eda, Lituania, Malta, Ruman\u00eda, Eslovaquia, Eslovenia y Luxemburgo.<\/p>\n<p>S\u00ed que los han entregado, por contra, Austria, Irlanda, Pa\u00edses Bajos, Croacia, Letonia, Portugal, Dinamarca, Italia, Suecia, B\u00e9lgica, Reino Unido, Estonia y Finlandia. En cualquier caso, s\u00f3lo estos \u00faltimos tres pa\u00edses cumplieron el compromiso de enviar sus documentos antes del 1 de abril, seg\u00fan consta en el directorio de la Comisi\u00f3n Europea. De hecho, el Ejecutivo comunitario es el encargado de examinar la coherencia de los programas nacionales con las normas europeas, incluida<strong> la trayectoria de reducci\u00f3n emisiones desde 2020 a 2030<\/strong>. Los Estados miembros, adem\u00e1s, tendr\u00e1n que actualizar sus programas nacionales como m\u00ednimo cada cuatro a\u00f1os.<\/p>\n<p>&nbsp;<\/p>\n<p>ECOticias<\/p>\n<p>&nbsp;<\/p>\n","protected":false},"excerpt":{"rendered":"<p>La Comisi\u00f3n Europea ha pedido a Espa\u00f1a y otros catorce <a href=\"https:\/\/sertv.gob.pa\/crisolfm\/europa-exige-a-espana-planes-de-control-de-la-contaminacion-atmosferica\/\"> [&#8230;]<\/a><\/p>\n","protected":false},"author":64,"featured_media":19689,"comment_status":"closed","ping_status":"closed","sticky":false,"template":"","format":"standard","meta":{"footnotes":""},"categories":[7],"tags":[],"class_list":["post-19688","post","type-post","status-publish","format-standard","has-post-thumbnail","hentry","category-ecologicas"],"_links":{"self":[{"href":"https:\/\/sertv.gob.pa\/crisolfm\/wp-json\/wp\/v2\/posts\/19688","targetHints":{"allow":["GET"]}}],"collection":[{"href":"https:\/\/sertv.gob.pa\/crisolfm\/wp-json\/wp\/v2\/posts"}],"about":[{"href":"https:\/\/sertv.gob.pa\/crisolfm\/wp-json\/wp\/v2\/types\/post"}],"author":[{"embeddable":true,"href":"https:\/\/sertv.gob.pa\/crisolfm\/wp-json\/wp\/v2\/users\/64"}],"replies":[{"embeddable":true,"href":"https:\/\/sertv.gob.pa\/crisolfm\/wp-json\/wp\/v2\/comments?post=19688"}],"version-history":[{"count":1,"href":"https:\/\/sertv.gob.pa\/crisolfm\/wp-json\/wp\/v2\/posts\/19688\/revisions"}],"predecessor-version":[{"id":19690,"href":"https:\/\/sertv.gob.pa\/crisolfm\/wp-json\/wp\/v2\/posts\/19688\/revisions\/19690"}],"wp:featuredmedia":[{"embeddable":true,"href":"https:\/\/sertv.gob.pa\/crisolfm\/wp-json\/wp\/v2\/media\/19689"}],"wp:attachment":[{"href":"https:\/\/sertv.gob.pa\/crisolfm\/wp-json\/wp\/v2\/media?parent=19688"}],"wp:term":[{"taxonomy":"category","embeddable":true,"href":"https:\/\/sertv.gob.pa\/crisolfm\/wp-json\/wp\/v2\/categories?post=19688"},{"taxonomy":"post_tag","embeddable":true,"href":"https:\/\/sertv.gob.pa\/crisolfm\/wp-json\/wp\/v2\/tags?post=19688"}],"curies":[{"name":"wp","href":"https:\/\/api.w.org\/{rel}","templated":true}]}}