{"id":19694,"date":"2019-05-08T13:33:20","date_gmt":"2019-05-08T13:33:20","guid":{"rendered":"https:\/\/sertv.gob.pa\/crisolfm\/?p=19694"},"modified":"2019-05-08T13:33:20","modified_gmt":"2019-05-08T13:33:20","slug":"jaiko-aquilino-jimenez-resulto-el-ganador-del-gustavo-batista-cedeno","status":"publish","type":"post","link":"https:\/\/sertv.gob.pa\/crisolfm\/jaiko-aquilino-jimenez-resulto-el-ganador-del-gustavo-batista-cedeno\/","title":{"rendered":"Jaiko Aquilino Jim\u00e9nez result\u00f3 el ganador del Gustavo Batista Cede\u00f1o"},"content":{"rendered":"<p>Bajo el seud\u00f3nimo de JC Dagerman, el escritor Jaiko Aquilino Jim\u00e9nez Ca\u00edn, fue declarado ganador del Concurso Nacional de Poes\u00eda Gustavo Batista Cede\u00f1o, con el poemario \u00abVagando entre oscuros laberintos\u00bb.<\/p>\n<p>Mariafeli Dom\u00ednguez, Corina Rueda y H\u00e9ctor Collado, integraron el selecto jurado que eligi\u00f3 entre 12 trabajos el escrito de Jim\u00e9nez por ser un poemario con un uso adecuado del lenguaje, con un hilo tem\u00e1tico reflexivo desarrollado a trav\u00e9s de sus doce poemas en el que se visibiliza la marginalidad y multiplicidad de voces l\u00edricas en la b\u00fasqueda de su expresi\u00f3n po\u00e9tica.<\/p>\n<p>La ceremonia de premiaci\u00f3n se realizar\u00e1 el 30 de mayo de 2019,\u00a0donde se le otorgar\u00e1 el premio \u00fanico de $3,000.00, pergamino y 75 ejemplares de su obra.<\/p>\n<p>&nbsp;<\/p>\n<p>&nbsp;<\/p>\n","protected":false},"excerpt":{"rendered":"<p>Bajo el seud\u00f3nimo de JC Dagerman, el escritor Jaiko Aquilino <a href=\"https:\/\/sertv.gob.pa\/crisolfm\/jaiko-aquilino-jimenez-resulto-el-ganador-del-gustavo-batista-cedeno\/\"> [&#8230;]<\/a><\/p>\n","protected":false},"author":64,"featured_media":19695,"comment_status":"closed","ping_status":"closed","sticky":false,"template":"","format":"standard","meta":{"footnotes":""},"categories":[6],"tags":[],"class_list":["post-19694","post","type-post","status-publish","format-standard","has-post-thumbnail","hentry","category-culturales"],"_links":{"self":[{"href":"https:\/\/sertv.gob.pa\/crisolfm\/wp-json\/wp\/v2\/posts\/19694","targetHints":{"allow":["GET"]}}],"collection":[{"href":"https:\/\/sertv.gob.pa\/crisolfm\/wp-json\/wp\/v2\/posts"}],"about":[{"href":"https:\/\/sertv.gob.pa\/crisolfm\/wp-json\/wp\/v2\/types\/post"}],"author":[{"embeddable":true,"href":"https:\/\/sertv.gob.pa\/crisolfm\/wp-json\/wp\/v2\/users\/64"}],"replies":[{"embeddable":true,"href":"https:\/\/sertv.gob.pa\/crisolfm\/wp-json\/wp\/v2\/comments?post=19694"}],"version-history":[{"count":1,"href":"https:\/\/sertv.gob.pa\/crisolfm\/wp-json\/wp\/v2\/posts\/19694\/revisions"}],"predecessor-version":[{"id":19696,"href":"https:\/\/sertv.gob.pa\/crisolfm\/wp-json\/wp\/v2\/posts\/19694\/revisions\/19696"}],"wp:featuredmedia":[{"embeddable":true,"href":"https:\/\/sertv.gob.pa\/crisolfm\/wp-json\/wp\/v2\/media\/19695"}],"wp:attachment":[{"href":"https:\/\/sertv.gob.pa\/crisolfm\/wp-json\/wp\/v2\/media?parent=19694"}],"wp:term":[{"taxonomy":"category","embeddable":true,"href":"https:\/\/sertv.gob.pa\/crisolfm\/wp-json\/wp\/v2\/categories?post=19694"},{"taxonomy":"post_tag","embeddable":true,"href":"https:\/\/sertv.gob.pa\/crisolfm\/wp-json\/wp\/v2\/tags?post=19694"}],"curies":[{"name":"wp","href":"https:\/\/api.w.org\/{rel}","templated":true}]}}