{"id":19700,"date":"2019-05-08T13:44:55","date_gmt":"2019-05-08T13:44:55","guid":{"rendered":"https:\/\/sertv.gob.pa\/crisolfm\/?p=19700"},"modified":"2019-05-08T13:44:55","modified_gmt":"2019-05-08T13:44:55","slug":"faltan-fondos-para-restaurar-museo-nacional-de-rio-afirma-su-director","status":"publish","type":"post","link":"https:\/\/sertv.gob.pa\/crisolfm\/faltan-fondos-para-restaurar-museo-nacional-de-rio-afirma-su-director\/","title":{"rendered":"Faltan fondos para restaurar Museo Nacional de R\u00edo, afirma su director"},"content":{"rendered":"<p>El director del Museo Nacional de Rio de Janeiro, consumido por un devastador incendio hace seis meses, afirm\u00f3 este lunes que la instituci\u00f3n necesita m\u00e1s apoyo financiero del gobierno para continuar rescatando su valioso acervo de los escombros.<\/p>\n<p>\u00abHoy cabe un mensaje de alerta para el Ministerio de Educaci\u00f3n (MEC). Sin el MEC no habr\u00e1 otro Museo Nacional\u00bb, afirm\u00f3 a periodistas Alexander Kellner al presentar al p\u00fablico 27 piezas de la colecci\u00f3n egipcia que escaparon del fuego. \u00abNecesitamos un mill\u00f3n de reales (cerca de 250 mil d\u00f3lares) urgentemente para respirar\u00bb, detall\u00f3. \u00abEsperamos conseguir ese contacto directo con el ministro. O que nos visite. O que vayamos nosotros para mostrarle lo que estamos haciendo (&#8230;). La sociedad brasile\u00f1a est\u00e1 hu\u00e9rfana del Museo Nacional y este gobierno tiene una oportunidad de oro de devolv\u00e9rselo\u00bb, agreg\u00f3.<\/p>\n<p>Contactado por la AFP, el Ministerio de Educaci\u00f3n afirm\u00f3 que la adjudicaci\u00f3n de recursos para el Museo compete a la instituci\u00f3n de la cual \u00e9ste depende, la Universidad Federal de Rio de Janeiro (UFRJ), cuyo rector fue recibido por autoridades del ministerio a fines de abril.<\/p>\n<p>AFP<\/p>\n","protected":false},"excerpt":{"rendered":"<p>El director del Museo Nacional de Rio de Janeiro, consumido <a href=\"https:\/\/sertv.gob.pa\/crisolfm\/faltan-fondos-para-restaurar-museo-nacional-de-rio-afirma-su-director\/\"> [&#8230;]<\/a><\/p>\n","protected":false},"author":64,"featured_media":19701,"comment_status":"closed","ping_status":"closed","sticky":false,"template":"","format":"standard","meta":{"footnotes":""},"categories":[6],"tags":[],"class_list":["post-19700","post","type-post","status-publish","format-standard","has-post-thumbnail","hentry","category-culturales"],"_links":{"self":[{"href":"https:\/\/sertv.gob.pa\/crisolfm\/wp-json\/wp\/v2\/posts\/19700","targetHints":{"allow":["GET"]}}],"collection":[{"href":"https:\/\/sertv.gob.pa\/crisolfm\/wp-json\/wp\/v2\/posts"}],"about":[{"href":"https:\/\/sertv.gob.pa\/crisolfm\/wp-json\/wp\/v2\/types\/post"}],"author":[{"embeddable":true,"href":"https:\/\/sertv.gob.pa\/crisolfm\/wp-json\/wp\/v2\/users\/64"}],"replies":[{"embeddable":true,"href":"https:\/\/sertv.gob.pa\/crisolfm\/wp-json\/wp\/v2\/comments?post=19700"}],"version-history":[{"count":1,"href":"https:\/\/sertv.gob.pa\/crisolfm\/wp-json\/wp\/v2\/posts\/19700\/revisions"}],"predecessor-version":[{"id":19702,"href":"https:\/\/sertv.gob.pa\/crisolfm\/wp-json\/wp\/v2\/posts\/19700\/revisions\/19702"}],"wp:featuredmedia":[{"embeddable":true,"href":"https:\/\/sertv.gob.pa\/crisolfm\/wp-json\/wp\/v2\/media\/19701"}],"wp:attachment":[{"href":"https:\/\/sertv.gob.pa\/crisolfm\/wp-json\/wp\/v2\/media?parent=19700"}],"wp:term":[{"taxonomy":"category","embeddable":true,"href":"https:\/\/sertv.gob.pa\/crisolfm\/wp-json\/wp\/v2\/categories?post=19700"},{"taxonomy":"post_tag","embeddable":true,"href":"https:\/\/sertv.gob.pa\/crisolfm\/wp-json\/wp\/v2\/tags?post=19700"}],"curies":[{"name":"wp","href":"https:\/\/api.w.org\/{rel}","templated":true}]}}