{"id":19706,"date":"2019-05-08T14:15:03","date_gmt":"2019-05-08T14:15:03","guid":{"rendered":"https:\/\/sertv.gob.pa\/crisolfm\/?p=19706"},"modified":"2019-05-08T14:15:03","modified_gmt":"2019-05-08T14:15:03","slug":"el-inac-celebra-el-dia-del-caricaturista","status":"publish","type":"post","link":"https:\/\/sertv.gob.pa\/crisolfm\/el-inac-celebra-el-dia-del-caricaturista\/","title":{"rendered":"El INAC celebra el D\u00eda del Caricaturista"},"content":{"rendered":"<p>El Instituto Nacional de Cultura (INAC) realizar\u00e1 una jornada de actividades en conmemoraci\u00f3n del D\u00eda del Caricaturista.<\/p>\n<p>Una de estas ser\u00e1 un taller dictado por reconocidos dibujantes del pa\u00eds. Las clases tienen como prop\u00f3sito ense\u00f1ar al p\u00fablico las t\u00e9cnicas requeridas para desarrollar este arte.<\/p>\n<p>La cita es hoy, en la librer\u00eda La Casa del Escritor, ubicada en el Convento de Santo Domingo, Casco Antiguo. La actividad comienza desde las 2:00 hasta las 4:00 de la tarde. La entrada es abierta a todo p\u00fablico.<\/p>\n","protected":false},"excerpt":{"rendered":"<p>El Instituto Nacional de Cultura (INAC) realizar\u00e1 una jornada de <a href=\"https:\/\/sertv.gob.pa\/crisolfm\/el-inac-celebra-el-dia-del-caricaturista\/\"> [&#8230;]<\/a><\/p>\n","protected":false},"author":64,"featured_media":19707,"comment_status":"closed","ping_status":"closed","sticky":false,"template":"","format":"standard","meta":{"footnotes":""},"categories":[6],"tags":[],"class_list":["post-19706","post","type-post","status-publish","format-standard","has-post-thumbnail","hentry","category-culturales"],"_links":{"self":[{"href":"https:\/\/sertv.gob.pa\/crisolfm\/wp-json\/wp\/v2\/posts\/19706","targetHints":{"allow":["GET"]}}],"collection":[{"href":"https:\/\/sertv.gob.pa\/crisolfm\/wp-json\/wp\/v2\/posts"}],"about":[{"href":"https:\/\/sertv.gob.pa\/crisolfm\/wp-json\/wp\/v2\/types\/post"}],"author":[{"embeddable":true,"href":"https:\/\/sertv.gob.pa\/crisolfm\/wp-json\/wp\/v2\/users\/64"}],"replies":[{"embeddable":true,"href":"https:\/\/sertv.gob.pa\/crisolfm\/wp-json\/wp\/v2\/comments?post=19706"}],"version-history":[{"count":1,"href":"https:\/\/sertv.gob.pa\/crisolfm\/wp-json\/wp\/v2\/posts\/19706\/revisions"}],"predecessor-version":[{"id":19708,"href":"https:\/\/sertv.gob.pa\/crisolfm\/wp-json\/wp\/v2\/posts\/19706\/revisions\/19708"}],"wp:featuredmedia":[{"embeddable":true,"href":"https:\/\/sertv.gob.pa\/crisolfm\/wp-json\/wp\/v2\/media\/19707"}],"wp:attachment":[{"href":"https:\/\/sertv.gob.pa\/crisolfm\/wp-json\/wp\/v2\/media?parent=19706"}],"wp:term":[{"taxonomy":"category","embeddable":true,"href":"https:\/\/sertv.gob.pa\/crisolfm\/wp-json\/wp\/v2\/categories?post=19706"},{"taxonomy":"post_tag","embeddable":true,"href":"https:\/\/sertv.gob.pa\/crisolfm\/wp-json\/wp\/v2\/tags?post=19706"}],"curies":[{"name":"wp","href":"https:\/\/api.w.org\/{rel}","templated":true}]}}