{"id":19709,"date":"2019-05-08T14:36:14","date_gmt":"2019-05-08T14:36:14","guid":{"rendered":"https:\/\/sertv.gob.pa\/crisolfm\/?p=19709"},"modified":"2019-05-08T14:36:14","modified_gmt":"2019-05-08T14:36:14","slug":"ecologistas-en-accion-demanda-medidas-preventivas-de-lucha-contra-la-contaminacion-en-cartagena","status":"publish","type":"post","link":"https:\/\/sertv.gob.pa\/crisolfm\/ecologistas-en-accion-demanda-medidas-preventivas-de-lucha-contra-la-contaminacion-en-cartagena\/","title":{"rendered":"Ecologistas en Acci\u00f3n demanda medidas preventivas de lucha contra la contaminaci\u00f3n en Cartagena"},"content":{"rendered":"<p>Ecologistas en Acci\u00f3n ha denunciado ante la Direcci\u00f3n General de Medio Ambiente y <strong>el Ayuntamiento de Cartagena<\/strong> el aumento de los niveles de part\u00edculas PM10 que superan el valor l\u00edmite de 50 microgramos el d\u00eda 2 de mayo en la estaci\u00f3n del Valle de Escombreras, lo que ha supuesto la activaci\u00f3n del protocolo anticontaminaci\u00f3n en el municipio de Cartagena.<\/p>\n<p>La contaminaci\u00f3n producida por las part\u00edculas PM10 (part\u00edculas de hasta 10 micras) tiene su origen mayoritariamente por las emisiones del tr\u00e1fico rodado, especialmente el tr\u00e1fico rodado pesado, tambi\u00e9n en las emisiones de la industria petroqu\u00edmica, las actividades metal\u00fargicas y de producci\u00f3n de fosfatos, seg\u00fan explica la asociaci\u00f3n.<\/p>\n<p>En algunos momentos tambi\u00e9n es importante la contribuci\u00f3n debida a emisiones por quemas agr\u00edcolas en determinadas localidades, a\u00f1ade la organizaci\u00f3n en comunicado de prensa. A las fuentes antr\u00f3picas se suman las fuentes de origen natural como las intrusiones de polvo sahariano que afectan de una manera epis\u00f3dica a la regi\u00f3n murciana.<\/p>\n<p>ECOticias<\/p>\n","protected":false},"excerpt":{"rendered":"<p>Ecologistas en Acci\u00f3n ha denunciado ante la Direcci\u00f3n General de <a href=\"https:\/\/sertv.gob.pa\/crisolfm\/ecologistas-en-accion-demanda-medidas-preventivas-de-lucha-contra-la-contaminacion-en-cartagena\/\"> [&#8230;]<\/a><\/p>\n","protected":false},"author":64,"featured_media":19710,"comment_status":"closed","ping_status":"closed","sticky":false,"template":"","format":"standard","meta":{"footnotes":""},"categories":[7],"tags":[],"class_list":["post-19709","post","type-post","status-publish","format-standard","has-post-thumbnail","hentry","category-ecologicas"],"_links":{"self":[{"href":"https:\/\/sertv.gob.pa\/crisolfm\/wp-json\/wp\/v2\/posts\/19709","targetHints":{"allow":["GET"]}}],"collection":[{"href":"https:\/\/sertv.gob.pa\/crisolfm\/wp-json\/wp\/v2\/posts"}],"about":[{"href":"https:\/\/sertv.gob.pa\/crisolfm\/wp-json\/wp\/v2\/types\/post"}],"author":[{"embeddable":true,"href":"https:\/\/sertv.gob.pa\/crisolfm\/wp-json\/wp\/v2\/users\/64"}],"replies":[{"embeddable":true,"href":"https:\/\/sertv.gob.pa\/crisolfm\/wp-json\/wp\/v2\/comments?post=19709"}],"version-history":[{"count":1,"href":"https:\/\/sertv.gob.pa\/crisolfm\/wp-json\/wp\/v2\/posts\/19709\/revisions"}],"predecessor-version":[{"id":19711,"href":"https:\/\/sertv.gob.pa\/crisolfm\/wp-json\/wp\/v2\/posts\/19709\/revisions\/19711"}],"wp:featuredmedia":[{"embeddable":true,"href":"https:\/\/sertv.gob.pa\/crisolfm\/wp-json\/wp\/v2\/media\/19710"}],"wp:attachment":[{"href":"https:\/\/sertv.gob.pa\/crisolfm\/wp-json\/wp\/v2\/media?parent=19709"}],"wp:term":[{"taxonomy":"category","embeddable":true,"href":"https:\/\/sertv.gob.pa\/crisolfm\/wp-json\/wp\/v2\/categories?post=19709"},{"taxonomy":"post_tag","embeddable":true,"href":"https:\/\/sertv.gob.pa\/crisolfm\/wp-json\/wp\/v2\/tags?post=19709"}],"curies":[{"name":"wp","href":"https:\/\/api.w.org\/{rel}","templated":true}]}}