{"id":19745,"date":"2019-05-09T13:54:08","date_gmt":"2019-05-09T13:54:08","guid":{"rendered":"https:\/\/sertv.gob.pa\/crisolfm\/?p=19745"},"modified":"2019-05-09T13:54:08","modified_gmt":"2019-05-09T13:54:08","slug":"altas-temperaturas-en-este-mes-no-son-normales-segun-meteorologos","status":"publish","type":"post","link":"https:\/\/sertv.gob.pa\/crisolfm\/altas-temperaturas-en-este-mes-no-son-normales-segun-meteorologos\/","title":{"rendered":"Altas temperaturas en este mes no son normales, seg\u00fan meteor\u00f3logos"},"content":{"rendered":"<p>Las altas temperaturas que se sienten en el pa\u00eds, a pesar de ser mayo un mes de lluvias, est\u00e1n relacionadas con el Fen\u00f3meno de El Ni\u00f1o y el cambio de la temporada seca a la lluviosa, seg\u00fan los expertos.<\/p>\n<p>\u201cRespecto a la temperatura para el mes de mayo, hemos presentado valores por encima de los a\u00f1os anteriores. Se ha mantenido entre 33 y 34 grados cent\u00edgrados\u201d, detall\u00f3 Elicet Y\u00e1\u00f1ez, Gerente de Pron\u00f3stico y Vigilancia Meteorol\u00f3gica de ETESA \u201cEl bochorno o sensaci\u00f3n t\u00e9rmica se siente m\u00e1s alta (37-38 \u00b0C), porque en los niveles medios de la atm\u00f3sfera se han incrementado los vientos, lo que ha permitido que se inyecte aire caliente a los niveles m\u00e1s bajos de la atm\u00f3sfera, contribuyendo a que se sienta una temperatura m\u00e1s elevada\u201d, explic\u00f3 Y\u00e1\u00f1ez, quien asegur\u00f3 que no se incrementar\u00e1 m\u00e1s.<\/p>\n<p>La meteor\u00f3loga a\u00f1adi\u00f3 que \u201cpara esta semana tenemos altas probabilidades de lluvias\u201d.<\/p>\n<p>&nbsp;<\/p>\n<p>&nbsp;<\/p>\n<p>&nbsp;<\/p>\n","protected":false},"excerpt":{"rendered":"<p>Las altas temperaturas que se sienten en el pa\u00eds, a <a href=\"https:\/\/sertv.gob.pa\/crisolfm\/altas-temperaturas-en-este-mes-no-son-normales-segun-meteorologos\/\"> [&#8230;]<\/a><\/p>\n","protected":false},"author":64,"featured_media":19746,"comment_status":"closed","ping_status":"closed","sticky":false,"template":"","format":"standard","meta":{"footnotes":""},"categories":[7],"tags":[],"class_list":["post-19745","post","type-post","status-publish","format-standard","has-post-thumbnail","hentry","category-ecologicas"],"_links":{"self":[{"href":"https:\/\/sertv.gob.pa\/crisolfm\/wp-json\/wp\/v2\/posts\/19745","targetHints":{"allow":["GET"]}}],"collection":[{"href":"https:\/\/sertv.gob.pa\/crisolfm\/wp-json\/wp\/v2\/posts"}],"about":[{"href":"https:\/\/sertv.gob.pa\/crisolfm\/wp-json\/wp\/v2\/types\/post"}],"author":[{"embeddable":true,"href":"https:\/\/sertv.gob.pa\/crisolfm\/wp-json\/wp\/v2\/users\/64"}],"replies":[{"embeddable":true,"href":"https:\/\/sertv.gob.pa\/crisolfm\/wp-json\/wp\/v2\/comments?post=19745"}],"version-history":[{"count":1,"href":"https:\/\/sertv.gob.pa\/crisolfm\/wp-json\/wp\/v2\/posts\/19745\/revisions"}],"predecessor-version":[{"id":19747,"href":"https:\/\/sertv.gob.pa\/crisolfm\/wp-json\/wp\/v2\/posts\/19745\/revisions\/19747"}],"wp:featuredmedia":[{"embeddable":true,"href":"https:\/\/sertv.gob.pa\/crisolfm\/wp-json\/wp\/v2\/media\/19746"}],"wp:attachment":[{"href":"https:\/\/sertv.gob.pa\/crisolfm\/wp-json\/wp\/v2\/media?parent=19745"}],"wp:term":[{"taxonomy":"category","embeddable":true,"href":"https:\/\/sertv.gob.pa\/crisolfm\/wp-json\/wp\/v2\/categories?post=19745"},{"taxonomy":"post_tag","embeddable":true,"href":"https:\/\/sertv.gob.pa\/crisolfm\/wp-json\/wp\/v2\/tags?post=19745"}],"curies":[{"name":"wp","href":"https:\/\/api.w.org\/{rel}","templated":true}]}}