{"id":19748,"date":"2019-05-09T14:04:00","date_gmt":"2019-05-09T14:04:00","guid":{"rendered":"https:\/\/sertv.gob.pa\/crisolfm\/?p=19748"},"modified":"2019-05-09T14:04:00","modified_gmt":"2019-05-09T14:04:00","slug":"obra-las-arpias-recargadas-este-sabado-en-atlapa","status":"publish","type":"post","link":"https:\/\/sertv.gob.pa\/crisolfm\/obra-las-arpias-recargadas-este-sabado-en-atlapa\/","title":{"rendered":"Obra \u201cLas Arp\u00edas recargadas\u201d este s\u00e1bado en Atlapa"},"content":{"rendered":"<p style=\"text-align: justify\">A pocos d\u00edas del estreno de la esperada obra teatral \u201cLas Arp\u00edas recargadas\u201d, que cuenta con envidiable elenco, la int\u00e9rprete Sherlyn Gonz\u00e1lez dijo que el p\u00fablico va a disfrutar de un espect\u00e1culo de calidad. Seg\u00fan Gonz\u00e1lez \u201cel p\u00fablico va a ir descubriendo con las actrices qui\u00e9n es el asesino de C\u00e9sar \u00c9vora, entre 8 sospechosos, mientras el propio p\u00fablico se va involucrando en la obra\u201d.<\/p>\n<p style=\"text-align: justify\">El elenco completo de la puesta en escena est\u00e1 integrado por Victoria Rufffo, Jacqueline Andere, Ana Patricia Rojo, Ariadne D\u00edaz, Lorena Vel\u00e1zquez, Ninel Conde, Sherlyn Gonz\u00e1lez, Zoraida G\u00f3mez, Maribel Guardia y C\u00e9sar \u00c9vora.<\/p>\n<p style=\"text-align: justify\">\u00a0\u201cLas Arp\u00edas Recargadas\u201d, obra que fue vista por m\u00e1s de 140.000 personas en M\u00e9xico llegar\u00e1 al Centro de Convenciones Atlapa, el pr\u00f3ximo s\u00e1bado 11 de mayo.<\/p>\n<p style=\"text-align: justify\">\n","protected":false},"excerpt":{"rendered":"<p>A pocos d\u00edas del estreno de la esperada obra teatral <a href=\"https:\/\/sertv.gob.pa\/crisolfm\/obra-las-arpias-recargadas-este-sabado-en-atlapa\/\"> [&#8230;]<\/a><\/p>\n","protected":false},"author":64,"featured_media":19749,"comment_status":"closed","ping_status":"closed","sticky":false,"template":"","format":"standard","meta":{"footnotes":""},"categories":[6],"tags":[],"class_list":["post-19748","post","type-post","status-publish","format-standard","has-post-thumbnail","hentry","category-culturales"],"_links":{"self":[{"href":"https:\/\/sertv.gob.pa\/crisolfm\/wp-json\/wp\/v2\/posts\/19748","targetHints":{"allow":["GET"]}}],"collection":[{"href":"https:\/\/sertv.gob.pa\/crisolfm\/wp-json\/wp\/v2\/posts"}],"about":[{"href":"https:\/\/sertv.gob.pa\/crisolfm\/wp-json\/wp\/v2\/types\/post"}],"author":[{"embeddable":true,"href":"https:\/\/sertv.gob.pa\/crisolfm\/wp-json\/wp\/v2\/users\/64"}],"replies":[{"embeddable":true,"href":"https:\/\/sertv.gob.pa\/crisolfm\/wp-json\/wp\/v2\/comments?post=19748"}],"version-history":[{"count":1,"href":"https:\/\/sertv.gob.pa\/crisolfm\/wp-json\/wp\/v2\/posts\/19748\/revisions"}],"predecessor-version":[{"id":19750,"href":"https:\/\/sertv.gob.pa\/crisolfm\/wp-json\/wp\/v2\/posts\/19748\/revisions\/19750"}],"wp:featuredmedia":[{"embeddable":true,"href":"https:\/\/sertv.gob.pa\/crisolfm\/wp-json\/wp\/v2\/media\/19749"}],"wp:attachment":[{"href":"https:\/\/sertv.gob.pa\/crisolfm\/wp-json\/wp\/v2\/media?parent=19748"}],"wp:term":[{"taxonomy":"category","embeddable":true,"href":"https:\/\/sertv.gob.pa\/crisolfm\/wp-json\/wp\/v2\/categories?post=19748"},{"taxonomy":"post_tag","embeddable":true,"href":"https:\/\/sertv.gob.pa\/crisolfm\/wp-json\/wp\/v2\/tags?post=19748"}],"curies":[{"name":"wp","href":"https:\/\/api.w.org\/{rel}","templated":true}]}}